{"id":1000,"date":"2014-07-07T15:51:20","date_gmt":"2014-07-07T15:51:20","guid":{"rendered":"http:\/\/www.styng.net\/fi\/?p=1000"},"modified":"2014-07-07T15:51:20","modified_gmt":"2014-07-07T15:51:20","slug":"koiran-karvat","status":"publish","type":"post","link":"http:\/\/www.styng.net\/fi\/blogi\/koiran-karvat\/","title":{"rendered":"Koiran karvat"},"content":{"rendered":"<p>Halusin Joiku-koirani turkin lyhyemm\u00e4ksi. Kyselin trimmaajilta aikoja mutta niit\u00e4 oli tarjolla vain t\u00e4m\u00e4n kuun lopulle. Halusin turkin lyhyemm\u00e4ksi heti. Tuskaannuin, menin kauppaan ja ostin trimmerin. Ohjeista p\u00e4\u00e4ttelin, ett\u00e4 sill\u00e4 tulee 1,5cm pitk\u00e4 turkki ja se tuntui hyv\u00e4lt\u00e4. Sill\u00e4 tulikin 1,5mm. No, min\u00e4 leikkasin 1,5mm lyhyen turkin Joikulle. P\u00e4\u00e4t\u00e4 en ajellut. Siit\u00e4 tuli oikein suloinen koira, ihan pentukoiran n\u00e4k\u00f6inen.<\/p>\n<figure id=\"attachment_1001\" aria-describedby=\"caption-attachment-1001\" style=\"width: 720px\" class=\"wp-caption aligncenter\"><a href=\"http:\/\/www.styng.net\/fi\/wp-content\/uploads\/2014\/07\/10351321_10203369809958393_2856227241055273922_n.jpg\"><img loading=\"lazy\" decoding=\"async\" class=\"size-full wp-image-1001\" src=\"http:\/\/www.styng.net\/fi\/wp-content\/uploads\/2014\/07\/10351321_10203369809958393_2856227241055273922_n.jpg\" alt=\"Joiku 6.7.2014\" width=\"720\" height=\"960\" srcset=\"http:\/\/www.styng.net\/fi\/wp-content\/uploads\/2014\/07\/10351321_10203369809958393_2856227241055273922_n.jpg 720w, http:\/\/www.styng.net\/fi\/wp-content\/uploads\/2014\/07\/10351321_10203369809958393_2856227241055273922_n-225x300.jpg 225w\" sizes=\"auto, (max-width: 720px) 100vw, 720px\" \/><\/a><figcaption id=\"caption-attachment-1001\" class=\"wp-caption-text\">Joiku 6.7.2014<\/figcaption><\/figure>\n<p>T\u00e4n\u00e4\u00e4n sain viestin er\u00e4\u00e4lt\u00e4 koira-ammattilaiselta. Sin\u00e4 luki mm. n\u00e4in:<\/p>\n<p>\u201dTurkin kokonaan lyhyeksi leik\u00adkaamisessa koneella on tietty riskins\u00e4 ett\u00e4 turkki kasvaakin vahvempana takaisin tai ei v\u00e4ltt\u00e4m\u00e4tt\u00e4 kasvata en\u00e4\u00e4 karvaa takaisin joko l\u00e4hes ollenkaan tai vain osittain, esim. pohjavilla ei palaudu. T\u00e4m\u00e4n vuoksi turkin ajelua suositellaan harkitsemaan, varsinkin n\u00e4yttelykoirille. Turkin voi my\u00f6s kevent\u00e4\u00e4, jolloin turkkia lyhennet\u00e4\u00e4n ja ohennetaan saksin, mutta ei ajella koko turkkia. Koirarodut, joilla on paksut kaksinkertaiset turkit saattavat olla hyvin herkki\u00e4 ajelun j\u00e4lkeen \u00f6t\u00f6k\u00e4n pistoille ja auringolle, jolloin voivat saada iho-ongelmia, kutinaa tai jopa iho palaa auringossa tms. Yleens\u00e4 lappalaisilla olo helpottaa jo perusteellisella pesulla ja f\u00f6\u00f6nauksella ja turkin kevent\u00e4misell\u00e4.\u201d<\/p>\n<p>Hitto kun tuli hankala olo. Mit\u00e4 jos Joiku nyt saa iho-ongelmia, kutinaa tai iho palaa auringossa? Mit\u00e4 jos turkki ei kasva en\u00e4\u00e4 takaisin ollenkaan tai kasvaa vain osittain, tai pohjavilla ei palaudu?<\/p>\n<p>Apua, ja mit\u00e4 torvelo menin parturoimaan sen puliksi! Nyt kyll\u00e4 huolettaa miten se turkki kasvaa takaisin. Se on minun syyni, jos ei kasva. Voi minua.<\/p>\n","protected":false},"excerpt":{"rendered":"<p>Halusin Joiku-koirani turkin lyhyemm\u00e4ksi. Kyselin trimmaajilta aikoja mutta niit\u00e4 oli tarjolla vain t\u00e4m\u00e4n kuun lopulle. Halusin turkin lyhyemm\u00e4ksi heti. Tuskaannuin, menin kauppaan ja ostin trimmerin. Ohjeista p\u00e4\u00e4ttelin, ett\u00e4 sill\u00e4 tulee [&hellip;]<\/p>\n","protected":false},"author":1,"featured_media":0,"comment_status":"open","ping_status":"open","sticky":false,"template":"","format":"standard","meta":{"_crdt_document":"","ngg_post_thumbnail":0,"footnotes":""},"categories":[6],"tags":[],"class_list":["post-1000","post","type-post","status-publish","format-standard","hentry","category-blogi"],"_links":{"self":[{"href":"http:\/\/www.styng.net\/fi\/wp-json\/wp\/v2\/posts\/1000","targetHints":{"allow":["GET"]}}],"collection":[{"href":"http:\/\/www.styng.net\/fi\/wp-json\/wp\/v2\/posts"}],"about":[{"href":"http:\/\/www.styng.net\/fi\/wp-json\/wp\/v2\/types\/post"}],"author":[{"embeddable":true,"href":"http:\/\/www.styng.net\/fi\/wp-json\/wp\/v2\/users\/1"}],"replies":[{"embeddable":true,"href":"http:\/\/www.styng.net\/fi\/wp-json\/wp\/v2\/comments?post=1000"}],"version-history":[{"count":1,"href":"http:\/\/www.styng.net\/fi\/wp-json\/wp\/v2\/posts\/1000\/revisions"}],"predecessor-version":[{"id":1002,"href":"http:\/\/www.styng.net\/fi\/wp-json\/wp\/v2\/posts\/1000\/revisions\/1002"}],"wp:attachment":[{"href":"http:\/\/www.styng.net\/fi\/wp-json\/wp\/v2\/media?parent=1000"}],"wp:term":[{"taxonomy":"category","embeddable":true,"href":"http:\/\/www.styng.net\/fi\/wp-json\/wp\/v2\/categories?post=1000"},{"taxonomy":"post_tag","embeddable":true,"href":"http:\/\/www.styng.net\/fi\/wp-json\/wp\/v2\/tags?post=1000"}],"curies":[{"name":"wp","href":"https:\/\/api.w.org\/{rel}","templated":true}]}}