{"id":1175,"date":"2015-07-21T09:37:37","date_gmt":"2015-07-21T09:37:37","guid":{"rendered":"http:\/\/www.styng.net\/fi\/?p=1175"},"modified":"2015-07-21T09:37:37","modified_gmt":"2015-07-21T09:37:37","slug":"on-se-niin-vaarin","status":"publish","type":"post","link":"http:\/\/www.styng.net\/fi\/blogi\/on-se-niin-vaarin\/","title":{"rendered":"On se niin v\u00e4\u00e4rin"},"content":{"rendered":"<p>Niin on t\u00e4m\u00e4(kin) kes\u00e4 vain huristellut omalla painollaan. Onhan t\u00e4ss\u00e4 ollut menoa ja meininki\u00e4, eip\u00e4 siin\u00e4 mit\u00e4\u00e4n. Alakestil\u00e4n navettan\u00e4yttely on menossa Limingassa, siell\u00e4 ollaan JATZ, Iskulehdon Toni ja min\u00e4, Hailuodossa on \u201dPuusta sin\u00e4 olet tullut\u201d-n\u00e4yttelyni, tai eih\u00e4n se minun ole vaan minun j\u00e4rjest\u00e4m\u00e4ni. 8 eri taiteilijaa siell\u00e4 on, 7 minun lis\u00e4ksi. Viel\u00e4 4 esityst\u00e4 j\u00e4ljell\u00e4 kes\u00e4teatteria. \u201dKuin tuhka tuuleen\u201d \u2013showta on vedetty sateessa ja paisteessa, yht\u00e4\u00e4n esityst\u00e4 ei olla peruttu. Esityksi\u00e4 on kai 26 kaikkiaan, eli 22 esityst\u00e4 on jo vedetty. Yleis\u00f6m\u00e4\u00e4r\u00e4t ovat olleet vaihtelevia s\u00e4\u00e4olosuhteiden mukaan.<\/p>\n<p>Elokuun lopussa tulee hetki, jolloin \u201dPuusta sin\u00e4 olet tullut\u201d puretaan Luulajanpuistosta, jonne se tulee kuun vaihteessa, ja kaikki on taas ohi ja arki alkaa, kitaransoiton opetus, ammatti johon tosin nuoresta pit\u00e4en jo halusin p\u00e4\u00e4st\u00e4.<\/p>\n<p>On se kuitenkin v\u00e4h\u00e4n haikea hetki. Olisi mukavaa jos voisi nauttia jonkinlaista taiteilijanpalkkaa ja tehd\u00e4 kaikenlaisia projekteja ymp\u00e4rivuotisesti. Minusta on ehdottoman v\u00e4\u00e4rin ett\u00e4 el\u00e4keiki\u00e4 nostettiin ja sitten kun ihmiset p\u00e4\u00e4sev\u00e4t el\u00e4kkeelle ja olisi aikaa tehd\u00e4 omissa intresseiss\u00e4\u00e4n olevia hommia niin alkaa kunto ja fysiikka pett\u00e4\u00e4. On se niin v\u00e4\u00e4rin. Perkele.<\/p>\n","protected":false},"excerpt":{"rendered":"<p>Niin on t\u00e4m\u00e4(kin) kes\u00e4 vain huristellut omalla painollaan. Onhan t\u00e4ss\u00e4 ollut menoa ja meininki\u00e4, eip\u00e4 siin\u00e4 mit\u00e4\u00e4n. Alakestil\u00e4n navettan\u00e4yttely on menossa Limingassa, siell\u00e4 ollaan JATZ, Iskulehdon Toni ja min\u00e4, Hailuodossa [&hellip;]<\/p>\n","protected":false},"author":1,"featured_media":0,"comment_status":"open","ping_status":"open","sticky":false,"template":"","format":"standard","meta":{"_crdt_document":"","ngg_post_thumbnail":0,"footnotes":""},"categories":[6],"tags":[],"class_list":["post-1175","post","type-post","status-publish","format-standard","hentry","category-blogi"],"_links":{"self":[{"href":"http:\/\/www.styng.net\/fi\/wp-json\/wp\/v2\/posts\/1175","targetHints":{"allow":["GET"]}}],"collection":[{"href":"http:\/\/www.styng.net\/fi\/wp-json\/wp\/v2\/posts"}],"about":[{"href":"http:\/\/www.styng.net\/fi\/wp-json\/wp\/v2\/types\/post"}],"author":[{"embeddable":true,"href":"http:\/\/www.styng.net\/fi\/wp-json\/wp\/v2\/users\/1"}],"replies":[{"embeddable":true,"href":"http:\/\/www.styng.net\/fi\/wp-json\/wp\/v2\/comments?post=1175"}],"version-history":[{"count":1,"href":"http:\/\/www.styng.net\/fi\/wp-json\/wp\/v2\/posts\/1175\/revisions"}],"predecessor-version":[{"id":1176,"href":"http:\/\/www.styng.net\/fi\/wp-json\/wp\/v2\/posts\/1175\/revisions\/1176"}],"wp:attachment":[{"href":"http:\/\/www.styng.net\/fi\/wp-json\/wp\/v2\/media?parent=1175"}],"wp:term":[{"taxonomy":"category","embeddable":true,"href":"http:\/\/www.styng.net\/fi\/wp-json\/wp\/v2\/categories?post=1175"},{"taxonomy":"post_tag","embeddable":true,"href":"http:\/\/www.styng.net\/fi\/wp-json\/wp\/v2\/tags?post=1175"}],"curies":[{"name":"wp","href":"https:\/\/api.w.org\/{rel}","templated":true}]}}