{"id":1194,"date":"2015-09-01T15:45:01","date_gmt":"2015-09-01T15:45:01","guid":{"rendered":"http:\/\/www.styng.net\/fi\/?p=1194"},"modified":"2015-09-01T15:45:01","modified_gmt":"2015-09-01T15:45:01","slug":"syys","status":"publish","type":"post","link":"http:\/\/www.styng.net\/fi\/blogi\/syys\/","title":{"rendered":"Syys"},"content":{"rendered":"<p>Ensimm\u00e4inen syyskuuta, ty\u00f6t alkaa, tai oikeestaan alkoi.<\/p>\n<p>On se vaan kumma joka syksy kun tulee sellainen vastarintareaktio ja hienoinen apatiakin, kun el\u00e4m\u00e4ntilaan tulee muutos, joka ainoa syksy sama juttu. Sit\u00e4 aikansa mieli ja keho vastustaa, kunnes sopeutuu uuteen tilanteeseen ja selviytyy. Seuraava loma kun alkaa niin se loma on se muutos, jota mieli ja keho alitajuisesti vastustaa, vaikka molemmat ovatkin uudesta tilanteesta tavattoman mieliss\u00e4\u00e4n.<\/p>\n<p>Sama vastarinta p\u00e4tee isommissa muutoksissakin, kolmivaiheinen ketjureaktio: vastustus, hiljaisuus (=m\u00f6k\u00f6tys), my\u00f6ntyminen (&#8221;min\u00e4h\u00e4n olin alun alkaen samaa mielt\u00e4&#8230;&#8221;).<\/p>\n<p>Menin t\u00e4n\u00e4\u00e4n py\u00f6r\u00e4ll\u00e4 t\u00f6ihin, kev\u00e4\u00e4ll\u00e4 ostetulla s\u00e4hk\u00f6py\u00f6r\u00e4ll\u00e4ni. Sill\u00e4 on helppo edet\u00e4 ja ohitella hiljempaa ajavia. Saatanhan min\u00e4 tietysti her\u00e4tt\u00e4\u00e4 vihamielisi\u00e4 tunteitakin py\u00f6r\u00e4tiell\u00e4, samoin kuin ohittelijat moottori- ja muilla teill\u00e4. Jotta kukaan ei n\u00e4rk\u00e4styisi, en mainitse automerkkej\u00e4 t\u00e4ll\u00e4 kertaa, j\u00e4tet\u00e4\u00e4n nyt audit ja bemarit rauhaan.<\/p>\n<p>Laitoin \u00e4sken korvaan sellaista suihketta, ett\u00e4 voin yritt\u00e4\u00e4 illalla putsata sit\u00e4 suihkussa. Korva meni tukkoon viimeksi kun oltiin m\u00f6kill\u00e4, eik\u00e4 ole suostunut aukeamaan. V\u00e4h\u00e4n keljua kun ei toisella korvalla kuule sataprosenttisesti.<\/p>\n<p>Nyt lopetan ja menen laittamaan saunan l\u00e4mpi\u00e4m\u00e4\u00e4n. Toivottavasti korva aukeaa ettei tartte k\u00e4\u00e4nty\u00e4 ty\u00f6terveyshuollon piiriin. Kyll\u00e4 tuollainen pikku vika pit\u00e4is osata itse korjata. Pikku vikoja, heleppo korjata.<\/p>\n","protected":false},"excerpt":{"rendered":"<p>Ensimm\u00e4inen syyskuuta, ty\u00f6t alkaa, tai oikeestaan alkoi. On se vaan kumma joka syksy kun tulee sellainen vastarintareaktio ja hienoinen apatiakin, kun el\u00e4m\u00e4ntilaan tulee muutos, joka ainoa syksy sama juttu. Sit\u00e4 [&hellip;]<\/p>\n","protected":false},"author":1,"featured_media":0,"comment_status":"open","ping_status":"open","sticky":false,"template":"","format":"standard","meta":{"_crdt_document":"","ngg_post_thumbnail":0,"footnotes":""},"categories":[6],"tags":[],"class_list":["post-1194","post","type-post","status-publish","format-standard","hentry","category-blogi"],"_links":{"self":[{"href":"http:\/\/www.styng.net\/fi\/wp-json\/wp\/v2\/posts\/1194","targetHints":{"allow":["GET"]}}],"collection":[{"href":"http:\/\/www.styng.net\/fi\/wp-json\/wp\/v2\/posts"}],"about":[{"href":"http:\/\/www.styng.net\/fi\/wp-json\/wp\/v2\/types\/post"}],"author":[{"embeddable":true,"href":"http:\/\/www.styng.net\/fi\/wp-json\/wp\/v2\/users\/1"}],"replies":[{"embeddable":true,"href":"http:\/\/www.styng.net\/fi\/wp-json\/wp\/v2\/comments?post=1194"}],"version-history":[{"count":1,"href":"http:\/\/www.styng.net\/fi\/wp-json\/wp\/v2\/posts\/1194\/revisions"}],"predecessor-version":[{"id":1195,"href":"http:\/\/www.styng.net\/fi\/wp-json\/wp\/v2\/posts\/1194\/revisions\/1195"}],"wp:attachment":[{"href":"http:\/\/www.styng.net\/fi\/wp-json\/wp\/v2\/media?parent=1194"}],"wp:term":[{"taxonomy":"category","embeddable":true,"href":"http:\/\/www.styng.net\/fi\/wp-json\/wp\/v2\/categories?post=1194"},{"taxonomy":"post_tag","embeddable":true,"href":"http:\/\/www.styng.net\/fi\/wp-json\/wp\/v2\/tags?post=1194"}],"curies":[{"name":"wp","href":"https:\/\/api.w.org\/{rel}","templated":true}]}}