{"id":1528,"date":"2017-05-30T14:00:10","date_gmt":"2017-05-30T11:00:10","guid":{"rendered":"http:\/\/www.styng.net\/fi\/?p=1528"},"modified":"2017-05-31T14:46:29","modified_gmt":"2017-05-31T11:46:29","slug":"kaikenlaista","status":"publish","type":"post","link":"http:\/\/www.styng.net\/fi\/blogi\/kaikenlaista\/","title":{"rendered":"Kaikenlaista"},"content":{"rendered":"<p>Hra <strong>Pekka Eronen<\/strong> kirjoitti TV:ss\u00e4 esitetetyn <strong>The Incredible Hulk<\/strong> -elokuvan arvioinnin yhteydess\u00e4 nokkelasti (Kaleva 23.05.2017):<br \/>\n\u201d<em>Mik\u00e4 mies on se, joka ei suuttuessaan ala vihert\u00e4\u00e4 ja teutaroida tuhoisasti? Ainakaan se mies ei ole <strong>Hulk<\/strong>, Marvel-yhti\u00f6n sarjakuvan \u00e4rh\u00e4kk\u00e4 mutanttisankari. <strong>Ang Lee<\/strong> teki siit\u00e4 elokuvan vuonna 2003, ja <strong>Louis Leterrier<\/strong> vain viisi vuotta my\u00f6hemmin.<\/em><br \/>\n<em> Miksi? Se on hyv\u00e4 kysymys. Tietenkin raha kiinnostaa Hollywood-tuottajia aina, mutta olisiko vihre\u00e4n raivop\u00e4\u00e4n ajankohtaisuus oivallettu tavallista tarkemmin? Hulkin hahmossa t\u00e4risee t\u00e4m\u00e4 lyhytj\u00e4nnitteisten purkausten, vihapuheiden ja p\u00e4reiden polton aika, joka nosti alan miehen my\u00f6s suurvallan johtoon.<\/em>\u201d<\/p>\n<p>Nokkelasti oivallettu. Minua huolettaa kovastikin nykyaika. Olen lapsesta alkaen ollut huolissani siit\u00e4, ett\u00e4 maailmassa aletaan taas sotimaan ja nyt n\u00e4ytt\u00e4\u00e4 taas olevan sellainen aikakausi, ett\u00e4 tilanne alkaa olla herkk\u00e4 &#8211; niin herkk\u00e4 ettei kummoisia tekosyit\u00e4 tarvittaisi suuren sodan aloittamiseen. Sota on valtava bisnes ja sellainen on kai rahamiesten mielest\u00e4 aina hyv\u00e4 olla jossain p\u00e4in maailmaa. Huume- ja aseteollisuudet tekev\u00e4t isoa liikevoittoa.<\/p>\n<p>Mit\u00e4s muuta valitettavaa? 27.4 osittain l\u00e4vistin naskalilla vasemman k\u00e4den nimett\u00f6m\u00e4n, sopivasti illalla yhdeks\u00e4n aikaan. Ei muuta kuin sidett\u00e4 viimeisen p\u00e4\u00e4lle ja Oysiin p\u00e4ivystykseen. Tunnin p\u00e4\u00e4st\u00e4 minulla oli jo tikit ja taskussa parit kipul\u00e4\u00e4kereseptit. Apteekkiin, kotiin, pilleri\u00e4 naamaan ja nukkumaan.<\/p>\n<p><a href=\"http:\/\/www.styng.net\/fi\/wp-content\/uploads\/2017\/05\/Nimet\u00f6njpg.xcf\">Nimet\u00f6njpg<\/a> <a href=\"http:\/\/www.styng.net\/fi\/wp-content\/uploads\/2017\/05\/20170429_220422.jpg\"><img loading=\"lazy\" decoding=\"async\" class=\"aligncenter wp-image-1535 size-large\" src=\"http:\/\/www.styng.net\/fi\/wp-content\/uploads\/2017\/05\/20170429_220422-e1496231069852-614x1024.jpg\" alt=\"\" height=\"901\" width=\"540\" srcset=\"http:\/\/www.styng.net\/fi\/wp-content\/uploads\/2017\/05\/20170429_220422-e1496231069852-614x1024.jpg 614w, http:\/\/www.styng.net\/fi\/wp-content\/uploads\/2017\/05\/20170429_220422-e1496231069852-180x300.jpg 180w, http:\/\/www.styng.net\/fi\/wp-content\/uploads\/2017\/05\/20170429_220422-e1496231069852-768x1280.jpg 768w, http:\/\/www.styng.net\/fi\/wp-content\/uploads\/2017\/05\/20170429_220422-e1496231069852.jpg 1536w\" sizes=\"auto, (max-width: 540px) 100vw, 540px\" \/><\/a><\/p>\n<p>Mit\u00e4 min\u00e4 siit\u00e4 kerron? No kun sormen p\u00e4\u00e4 ja toinen reuna on viel\u00e4kin turra ja arka, vaikka tapauksesta on jo yli kuukausi. Hiukka se hankaloittaa kitaransoittoa, vaikka eip\u00e4 tuota toisaalta ole tullut paljon soiteltuakaan.<\/p>\n<p>9.6.2017 avataan yleis\u00f6lle Kurkistus -niminen ymp\u00e4rivuotinen veistospuisto, luonnollisesti taas Luulajanpuistoon. Mukaan tulevat minun lis\u00e4kseni <strong>Reetta Gr\u00f6hn-Soininen<\/strong>, <strong>Hannu Ahosola<\/strong>, <strong>Veikko Laakso<\/strong>, <strong>Raine K\u00f6rkk\u00f6<\/strong>, <strong>Toni Iskulehto<\/strong> ja <strong>Jouko Keskiaho<\/strong>. Toivottavasti kaikki menee hyvin.&nbsp;<\/p>\n<p>Tyt\u00e4r l\u00e4hti Portugaliin pariksi viikkoa ja toi kaksi koiraansa t\u00e4nne, nyt niit\u00e4 on t\u00e4\u00e4ll\u00e4 yhteens\u00e4 3 kpl. Viikonloppuna menev\u00e4t sitten toiseen talouteen hoitoon. Kun istun t\u00e4ss\u00e4, enk\u00e4 liiku, niin on rauhallista. Jos nousen yl\u00f6s, niin nousevat koiratkin. Jokainen on jotain vailla. N\u00e4lk\u00e4h\u00e4n tuo on itsell\u00e4kin. Menenp\u00e4s j\u00e4\u00e4kaapille, pit\u00e4isi siell\u00e4 yksi makkara ainakin olla. K\u00e4vin eilen puntarilla. Olin laihtunut viikossa 0,5kg. Kova juttu.<\/p>\n<p>&nbsp;<\/p>\n","protected":false},"excerpt":{"rendered":"<p>Hra Pekka Eronen kirjoitti TV:ss\u00e4 esitetetyn The Incredible Hulk -elokuvan arvioinnin yhteydess\u00e4 nokkelasti (Kaleva 23.05.2017): \u201dMik\u00e4 mies on se, joka ei suuttuessaan ala vihert\u00e4\u00e4 ja teutaroida tuhoisasti? Ainakaan se mies [&hellip;]<\/p>\n","protected":false},"author":1,"featured_media":0,"comment_status":"open","ping_status":"open","sticky":false,"template":"","format":"standard","meta":{"_crdt_document":"","ngg_post_thumbnail":0,"footnotes":""},"categories":[6],"tags":[],"class_list":["post-1528","post","type-post","status-publish","format-standard","hentry","category-blogi"],"_links":{"self":[{"href":"http:\/\/www.styng.net\/fi\/wp-json\/wp\/v2\/posts\/1528","targetHints":{"allow":["GET"]}}],"collection":[{"href":"http:\/\/www.styng.net\/fi\/wp-json\/wp\/v2\/posts"}],"about":[{"href":"http:\/\/www.styng.net\/fi\/wp-json\/wp\/v2\/types\/post"}],"author":[{"embeddable":true,"href":"http:\/\/www.styng.net\/fi\/wp-json\/wp\/v2\/users\/1"}],"replies":[{"embeddable":true,"href":"http:\/\/www.styng.net\/fi\/wp-json\/wp\/v2\/comments?post=1528"}],"version-history":[{"count":8,"href":"http:\/\/www.styng.net\/fi\/wp-json\/wp\/v2\/posts\/1528\/revisions"}],"predecessor-version":[{"id":1539,"href":"http:\/\/www.styng.net\/fi\/wp-json\/wp\/v2\/posts\/1528\/revisions\/1539"}],"wp:attachment":[{"href":"http:\/\/www.styng.net\/fi\/wp-json\/wp\/v2\/media?parent=1528"}],"wp:term":[{"taxonomy":"category","embeddable":true,"href":"http:\/\/www.styng.net\/fi\/wp-json\/wp\/v2\/categories?post=1528"},{"taxonomy":"post_tag","embeddable":true,"href":"http:\/\/www.styng.net\/fi\/wp-json\/wp\/v2\/tags?post=1528"}],"curies":[{"name":"wp","href":"https:\/\/api.w.org\/{rel}","templated":true}]}}