{"id":1611,"date":"2018-02-02T10:58:44","date_gmt":"2018-02-02T08:58:44","guid":{"rendered":"http:\/\/www.styng.net\/fi\/?p=1611"},"modified":"2018-02-02T10:58:44","modified_gmt":"2018-02-02T08:58:44","slug":"ajatuksia-2","status":"publish","type":"post","link":"http:\/\/www.styng.net\/fi\/blogi\/ajatuksia-2\/","title":{"rendered":"Ajatuksia"},"content":{"rendered":"<p>En ole t\u00e4nne kirjoitellut pitk\u00e4\u00e4n aikaan. Olen ajatellut asioita.<\/p>\n<p>El\u00e4m\u00e4 on aika ihmeellinen asia. Kun muistelee vaikka omaa suhtautumistaan maailmaan, omaa el\u00e4m\u00e4ntilannettaan ja omia arvojaan parin vuosikymmenen tai viel\u00e4 pidemm\u00e4nkin ajan takaa, niin ovathan ne muuttuneet kovastikin ja asioita on tapahtunut valtavasti \u2013 asioita, jotka ovat paljolti vaikuttaneet omiin asenteisiin ja el\u00e4m\u00e4\u00e4n muutoinkin. L\u00e4hiomaisten kuolemat, uusien el\u00e4mien synnyt, el\u00e4imet, kaikki taiteen muodot, jokap\u00e4iv\u00e4isen el\u00e4m\u00e4n pienet yksityiskohdat jne. \u2013 niill\u00e4 kaikilla on valtavat vaikutukset meihin, toivottavasti opettavaiset ja kehitt\u00e4v\u00e4iset sellaiset.<\/p>\n<p>Nuorempana sit\u00e4 toisinaan eli ja toimi aika itsekk\u00e4\u00e4sti omaa etua tavoitellen, vaikka el\u00e4m\u00e4\u00e4ni on kuulunut jaksojakin, jolloin ulkopuolisten toiveiksi ja pyynn\u00f6iksi naamioidut vaatimukset ovat s\u00e4\u00e4delleet omia toimintojani. T\u00e4llaisissa tapauksissa oma p\u00e4\u00e4tt\u00e4v\u00e4isyys ja itsekkyys on ollut tervetullutta, koska se on pystynyt katkaisemaan sellaisen toiminnan kierteen. On toisaalta mielenkiintoista pohtia, kuinka paljon nuorempana ja vanhempanakin opitut arvot ja asenteet vaikuttavat meid\u00e4n el\u00e4m\u00e4\u00e4mme ja ratkaisuihimme. Luulen ett\u00e4 paljonkin. Tuli mieleen jostain, ehk\u00e4 raamatusta (?), per\u00e4isin oleva v\u00e4itt\u00e4m\u00e4 ett\u00e4 isien (ja \u00e4itien) pahat teot kostautuvat kolmanteen ja nelj\u00e4nteen polveen. Olen t\u00e4m\u00e4n k\u00e4sitt\u00e4nyt niin, ett\u00e4 niiden vaikutus meid\u00e4n perim\u00e4\u00e4n, sek\u00e4 k\u00e4yt\u00f6s- ja ajatustapoihin, heikkenee sukupolvesta toiseen. Siin\u00e4 mieless\u00e4 olen iloinen, ett\u00e4 edesmennyt is\u00e4si oli perusluonteeltaan kiltti mies. Kyll\u00e4 h\u00e4n toki yritti olla j\u00e4m\u00e4kk\u00e4 kasvattaja, mutta ei h\u00e4nt\u00e4 ilke\u00e4ksi voi sanoa. Parastaan yritti yritti omilla keinoillaan.&nbsp;<\/p>\n<p>Maailman tilanne on huolestuttava. El\u00e4mme kai sellaista oman edun aikakautta. Rahaa ja etuja minulle minulle enemm\u00e4n ja enemm\u00e4n, toisista viis, syytt\u00e4k\u00f6\u00f6t itse\u00e4\u00e4n jos eiv\u00e4t osaa bisnest\u00e4. Sellaiselta t\u00e4m\u00e4 maailman meno v\u00e4lill\u00e4 tuntuu. Luin eilen er\u00e4\u00e4st\u00e4 romaanista kun Afganistanista Yhdysvaltoihin p\u00e4\u00e4tynyt l\u00e4\u00e4k\u00e4ri katseli kotiinsa rakennettua kotiteatteria ja sanoi ett\u00e4 t\u00e4ll\u00e4kin rahalla olisi rakentanut sairaalan Afganistaniin. Se jotenkin pys\u00e4ytti minua. Pikku kuukausilahjoitukset hyv\u00e4ntekev\u00e4isyysj\u00e4rjest\u00f6ille ovat kyll\u00e4 parempi kuin ei mit\u00e4\u00e4n, mutta tulee samanlainen tunne kuin juutalaisia pelastaneelle Schindlerille elokuvan loppukohtauksessa kun h\u00e4n puhkeaa itkuun ett\u00e4 enemm\u00e4n olisi pit\u00e4nyt pysty\u00e4 tekem\u00e4\u00e4n. Silloin min\u00e4kin itkin.<\/p>\n<p>Kuinka paljon meill\u00e4kin on turhaa kr\u00e4\u00e4s\u00e4\u00e4? Turhaa tavaraa, kuntoiluv\u00e4lineit\u00e4 joilla emme kuntoile, vaatteita joita emme k\u00e4yt\u00e4, \u00e4\u00e4nilevyj\u00e4 joita emme kuuntele, kirjoja joita emme lue, soittimia joilla emme soita, kalliita huonekaluja, tavaroita joiden olemassaolon olemme jo unohtaneet? Mit\u00e4 kaikkea hyv\u00e4\u00e4 sill\u00e4kin rahalla olisi voinut tehd\u00e4?<\/p>\n<p>Ent\u00e4 jos lahjoittaisimme hyv\u00e4ntekev\u00e4isyyteen kaiken turhan tavaramme, sen sijaan ett\u00e4 yritt\u00e4isimme myyd\u00e4 sit\u00e4? Kaiken sellaisen tavaran, josta voisi olla hy\u00f6ty\u00e4 v\u00e4h\u00e4osaisemmille?&nbsp;&nbsp;<\/p>\n","protected":false},"excerpt":{"rendered":"<p>En ole t\u00e4nne kirjoitellut pitk\u00e4\u00e4n aikaan. Olen ajatellut asioita. El\u00e4m\u00e4 on aika ihmeellinen asia. Kun muistelee vaikka omaa suhtautumistaan maailmaan, omaa el\u00e4m\u00e4ntilannettaan ja omia arvojaan parin vuosikymmenen tai viel\u00e4 pidemm\u00e4nkin [&hellip;]<\/p>\n","protected":false},"author":1,"featured_media":0,"comment_status":"open","ping_status":"open","sticky":false,"template":"","format":"standard","meta":{"_crdt_document":"","ngg_post_thumbnail":0,"footnotes":""},"categories":[6],"tags":[],"class_list":["post-1611","post","type-post","status-publish","format-standard","hentry","category-blogi"],"_links":{"self":[{"href":"http:\/\/www.styng.net\/fi\/wp-json\/wp\/v2\/posts\/1611","targetHints":{"allow":["GET"]}}],"collection":[{"href":"http:\/\/www.styng.net\/fi\/wp-json\/wp\/v2\/posts"}],"about":[{"href":"http:\/\/www.styng.net\/fi\/wp-json\/wp\/v2\/types\/post"}],"author":[{"embeddable":true,"href":"http:\/\/www.styng.net\/fi\/wp-json\/wp\/v2\/users\/1"}],"replies":[{"embeddable":true,"href":"http:\/\/www.styng.net\/fi\/wp-json\/wp\/v2\/comments?post=1611"}],"version-history":[{"count":2,"href":"http:\/\/www.styng.net\/fi\/wp-json\/wp\/v2\/posts\/1611\/revisions"}],"predecessor-version":[{"id":1613,"href":"http:\/\/www.styng.net\/fi\/wp-json\/wp\/v2\/posts\/1611\/revisions\/1613"}],"wp:attachment":[{"href":"http:\/\/www.styng.net\/fi\/wp-json\/wp\/v2\/media?parent=1611"}],"wp:term":[{"taxonomy":"category","embeddable":true,"href":"http:\/\/www.styng.net\/fi\/wp-json\/wp\/v2\/categories?post=1611"},{"taxonomy":"post_tag","embeddable":true,"href":"http:\/\/www.styng.net\/fi\/wp-json\/wp\/v2\/tags?post=1611"}],"curies":[{"name":"wp","href":"https:\/\/api.w.org\/{rel}","templated":true}]}}