{"id":1622,"date":"2018-02-22T09:10:33","date_gmt":"2018-02-22T07:10:33","guid":{"rendered":"http:\/\/www.styng.net\/fi\/?p=1622"},"modified":"2018-02-22T09:10:33","modified_gmt":"2018-02-22T07:10:33","slug":"talvi-kevat-kesa","status":"publish","type":"post","link":"http:\/\/www.styng.net\/fi\/blogi\/talvi-kevat-kesa\/","title":{"rendered":"Talvi, kev\u00e4t, kes\u00e4"},"content":{"rendered":"<p>Kev\u00e4t tekee tuloaan valon m\u00e4\u00e4r\u00e4st\u00e4 p\u00e4\u00e4tellen, pakkasm\u00e4\u00e4r\u00e4st\u00e4 ei niink\u00e4\u00e4n. Nyt on se aika jolloin saamme nauttia viel\u00e4 pakkasista (huom. en sano kylmyydest\u00e4, koska se luo vastenmielisen mielikuvan), pohjoisempana asuvat viel\u00e4kin enemm\u00e4n. Olipas uutinen suomalaisille.<\/p>\n<p>N\u00e4ky on kaunis kun pihat, puistot ja mets\u00e4t ovat valkoisen lumen peitossa. Lapinkoiramme Joiku ei pahemmin piittaa pakkasen m\u00e4\u00e4r\u00e4st\u00e4 vaan saattaa nukkua pihalla pitk\u00e4t tovit. Itselle ei tulisi mieleenk\u00e4\u00e4n moinen uinahtelu. Kemin lumilinnassa y\u00f6pyj\u00e4t kokevat varmasti erikoisen el\u00e4myksen, mutta itse en haluaisi moista kokeilla vaikka lahjakortti annettaisiin, mieluummin menisin johonkin hotelliin l\u00e4mpim\u00e4n peiton alle uinumaan, vaikka mist\u00e4p\u00e4s sen tiet\u00e4 vaikka siell\u00e4 Lumilinnassa olisi l\u00e4mmint\u00e4kin torkkua \u2013 ennakkoasenteeni ovat vain vahvat. Voi minua.<\/p>\n<p>Kev\u00e4\u00e4n tulo saa mielen iloisemmaksi kuin pime\u00e4 syksy jostakin syyst\u00e4, n\u00e4in v\u00e4itet\u00e4\u00e4n. Liek\u00f6h\u00e4n sill\u00e4, valon m\u00e4\u00e4r\u00e4n lis\u00e4ksi, osuutta asiaan, ett\u00e4 kev\u00e4\u00e4n j\u00e4lkeen tulee kes\u00e4 ja kes\u00e4loma. Samalla el\u00e4ke on taas l\u00e4hentynyt yhdell\u00e4 vuodella, mik\u00e4 on toisaalta kaksipiipuinen juttu mik\u00e4li k\u00e4rsii kuolemanpelosta. Toisaalta taas meh\u00e4n voimme kuolla min\u00e4 hetken\u00e4 hyv\u00e4ns\u00e4, mit\u00e4p\u00e4 tuota turhaa odottelemaan. El\u00e4kkeest\u00e4 tuntuu olevan tarvetta viel\u00e4 sanoa se sama mit\u00e4 olen varmasti jo aiemminkin sanot ett\u00e4 olen kovin pettynyt el\u00e4keuudistukseen. Tekisi mieli haistattaa hallituksella vaikka mit\u00e4 mutta yrit\u00e4n s\u00e4ilytt\u00e4\u00e4 malttini \ud83d\ude42 .<\/p>\n<p>Taidanpa l\u00e4hte\u00e4 t\u00f6ihin kes\u00e4\u00e4 odottelemaan.<\/p>\n<p>&nbsp;<\/p>\n","protected":false},"excerpt":{"rendered":"<p>Kev\u00e4t tekee tuloaan valon m\u00e4\u00e4r\u00e4st\u00e4 p\u00e4\u00e4tellen, pakkasm\u00e4\u00e4r\u00e4st\u00e4 ei niink\u00e4\u00e4n. Nyt on se aika jolloin saamme nauttia viel\u00e4 pakkasista (huom. en sano kylmyydest\u00e4, koska se luo vastenmielisen mielikuvan), pohjoisempana asuvat viel\u00e4kin [&hellip;]<\/p>\n","protected":false},"author":1,"featured_media":0,"comment_status":"open","ping_status":"open","sticky":false,"template":"","format":"standard","meta":{"_crdt_document":"","ngg_post_thumbnail":0,"footnotes":""},"categories":[6],"tags":[],"class_list":["post-1622","post","type-post","status-publish","format-standard","hentry","category-blogi"],"_links":{"self":[{"href":"http:\/\/www.styng.net\/fi\/wp-json\/wp\/v2\/posts\/1622","targetHints":{"allow":["GET"]}}],"collection":[{"href":"http:\/\/www.styng.net\/fi\/wp-json\/wp\/v2\/posts"}],"about":[{"href":"http:\/\/www.styng.net\/fi\/wp-json\/wp\/v2\/types\/post"}],"author":[{"embeddable":true,"href":"http:\/\/www.styng.net\/fi\/wp-json\/wp\/v2\/users\/1"}],"replies":[{"embeddable":true,"href":"http:\/\/www.styng.net\/fi\/wp-json\/wp\/v2\/comments?post=1622"}],"version-history":[{"count":1,"href":"http:\/\/www.styng.net\/fi\/wp-json\/wp\/v2\/posts\/1622\/revisions"}],"predecessor-version":[{"id":1623,"href":"http:\/\/www.styng.net\/fi\/wp-json\/wp\/v2\/posts\/1622\/revisions\/1623"}],"wp:attachment":[{"href":"http:\/\/www.styng.net\/fi\/wp-json\/wp\/v2\/media?parent=1622"}],"wp:term":[{"taxonomy":"category","embeddable":true,"href":"http:\/\/www.styng.net\/fi\/wp-json\/wp\/v2\/categories?post=1622"},{"taxonomy":"post_tag","embeddable":true,"href":"http:\/\/www.styng.net\/fi\/wp-json\/wp\/v2\/tags?post=1622"}],"curies":[{"name":"wp","href":"https:\/\/api.w.org\/{rel}","templated":true}]}}