{"id":1668,"date":"2018-05-29T17:53:52","date_gmt":"2018-05-29T14:53:52","guid":{"rendered":"http:\/\/www.styng.net\/fi\/?p=1668"},"modified":"2018-05-31T12:18:11","modified_gmt":"2018-05-31T09:18:11","slug":"uusia-tihutoita","status":"publish","type":"post","link":"http:\/\/www.styng.net\/fi\/blogi\/uusia-tihutoita\/","title":{"rendered":"Uusia tihut\u00f6it\u00e4"},"content":{"rendered":"<p style=\"text-align: center;\">Viikonloppuna, 25-26.5 v\u00e4lisen\u00e4 y\u00f6n\u00e4 taas tihut\u00f6it\u00e4 Luulajanpuistossa: molemmat ty\u00f6ni, \u201dMin\u00e4 olen kaunis\u201d ja \u201dJokainen meist\u00e4 on kaunis\u201d, nuijittu s\u00e4p\u00e4leiksi ja Reetan ty\u00f6t \u201dLaulava poika 1\u201d ja \u201dLaulava poika 2\u201d taklattu sel\u00e4lleen niin ett\u00e4 niiden jalustat ovat irronneet ja hajonneet. N\u00e4yttely kannattanee ilmeisesti lopettaa kokonaan, koska en pysty takaamaan teoksille turvallisuutta, eik\u00e4 kaupunki ryhdy asentamaan valvontakameroita tai mit\u00e4\u00e4n vastaavaa. En tied\u00e4 onko valvontakameroiden asentaminen laillistakaan yleiseen puistoon. Riskialtista touhua tuntuu olevan. Vuosi p\u00e4r- j\u00e4ttiin ihan hyvin, saattaa olla ett\u00e4 nyt on tullut aika lopettaa. Kaupunki ilmoitti etteiv\u00e4t voi hommata valvontaa, joten kai se on lopetettava.<\/p>\n<p style=\"text-align: center;\"><a href=\"http:\/\/www.styng.net\/fi\/wp-content\/uploads\/2018\/05\/Jorma-Styng-Min\u00e4-olen-kaunis-2017-sabotoitu-25-26.5.2018-osia-kateissa.jpg\"><img loading=\"lazy\" decoding=\"async\" class=\"aligncenter size-medium wp-image-1673\" src=\"http:\/\/www.styng.net\/fi\/wp-content\/uploads\/2018\/05\/Jorma-Styng-Min\u00e4-olen-kaunis-2017-sabotoitu-25-26.5.2018-osia-kateissa-180x300.jpg\" alt=\"\" height=\"300\" width=\"180\" srcset=\"http:\/\/www.styng.net\/fi\/wp-content\/uploads\/2018\/05\/Jorma-Styng-Min\u00e4-olen-kaunis-2017-sabotoitu-25-26.5.2018-osia-kateissa-180x300.jpg 180w, http:\/\/www.styng.net\/fi\/wp-content\/uploads\/2018\/05\/Jorma-Styng-Min\u00e4-olen-kaunis-2017-sabotoitu-25-26.5.2018-osia-kateissa.jpg 340w\" sizes=\"auto, (max-width: 180px) 100vw, 180px\" \/><\/a>&nbsp; J. Styng: Min\u00e4 olen kaunis&nbsp;<br \/>\n&nbsp;&nbsp;&nbsp;&nbsp;&nbsp;&nbsp;&nbsp;&nbsp;&nbsp;&nbsp;&nbsp;&nbsp;&nbsp;&nbsp;&nbsp;&nbsp;&nbsp;&nbsp;&nbsp;&nbsp;&nbsp;&nbsp;&nbsp;&nbsp;&nbsp;&nbsp;&nbsp;&nbsp;&nbsp;&nbsp;&nbsp;&nbsp;&nbsp; (k\u00e4sittelyn j\u00e4lkeen) &nbsp; &nbsp; &nbsp; &nbsp; &nbsp; &nbsp; &nbsp; &nbsp; &nbsp; &nbsp; &nbsp; &nbsp; &nbsp; &nbsp; &nbsp; &nbsp; &nbsp; &nbsp; &nbsp; &nbsp; &nbsp; &nbsp; &nbsp;<\/p>\n<p style=\"text-align: center;\"><a href=\"http:\/\/www.styng.net\/fi\/wp-content\/uploads\/2018\/05\/Jorma-Styng-Jokainen-meist\u00e4-on-kaunis-2017-sabotoitu-25-26.5.2018.jpg\"><img loading=\"lazy\" decoding=\"async\" class=\"aligncenter size-medium wp-image-1674\" src=\"http:\/\/www.styng.net\/fi\/wp-content\/uploads\/2018\/05\/Jorma-Styng-Jokainen-meist\u00e4-on-kaunis-2017-sabotoitu-25-26.5.2018-300x225.jpg\" alt=\"\" height=\"225\" width=\"300\" srcset=\"http:\/\/www.styng.net\/fi\/wp-content\/uploads\/2018\/05\/Jorma-Styng-Jokainen-meist\u00e4-on-kaunis-2017-sabotoitu-25-26.5.2018-300x225.jpg 300w, http:\/\/www.styng.net\/fi\/wp-content\/uploads\/2018\/05\/Jorma-Styng-Jokainen-meist\u00e4-on-kaunis-2017-sabotoitu-25-26.5.2018-768x576.jpg 768w, http:\/\/www.styng.net\/fi\/wp-content\/uploads\/2018\/05\/Jorma-Styng-Jokainen-meist\u00e4-on-kaunis-2017-sabotoitu-25-26.5.2018-1024x768.jpg 1024w, http:\/\/www.styng.net\/fi\/wp-content\/uploads\/2018\/05\/Jorma-Styng-Jokainen-meist\u00e4-on-kaunis-2017-sabotoitu-25-26.5.2018.jpg 1890w\" sizes=\"auto, (max-width: 300px) 100vw, 300px\" \/><\/a>&nbsp;&nbsp; J. Styng: Jokainen meist\u00e4 on kaunis<br \/>\n&nbsp; (k\u00e4sittelyn j\u00e4lkeen)<\/p>\n<p style=\"text-align: center;\"><a href=\"http:\/\/www.styng.net\/fi\/wp-content\/uploads\/2018\/05\/Reetta-Gr\u00f6hn-Soininen_Laulava-poika-1.jpg\"><img loading=\"lazy\" decoding=\"async\" class=\"aligncenter size-medium wp-image-1675\" src=\"http:\/\/www.styng.net\/fi\/wp-content\/uploads\/2018\/05\/Reetta-Gr\u00f6hn-Soininen_Laulava-poika-1-300x225.jpg\" alt=\"\" height=\"225\" width=\"300\" srcset=\"http:\/\/www.styng.net\/fi\/wp-content\/uploads\/2018\/05\/Reetta-Gr\u00f6hn-Soininen_Laulava-poika-1-300x225.jpg 300w, http:\/\/www.styng.net\/fi\/wp-content\/uploads\/2018\/05\/Reetta-Gr\u00f6hn-Soininen_Laulava-poika-1-768x576.jpg 768w, http:\/\/www.styng.net\/fi\/wp-content\/uploads\/2018\/05\/Reetta-Gr\u00f6hn-Soininen_Laulava-poika-1-1024x768.jpg 1024w, http:\/\/www.styng.net\/fi\/wp-content\/uploads\/2018\/05\/Reetta-Gr\u00f6hn-Soininen_Laulava-poika-1.jpg 1890w\" sizes=\"auto, (max-width: 300px) 100vw, 300px\" \/><\/a>&nbsp;&nbsp;&nbsp;&nbsp;&nbsp; R. Gr\u00f6hn-Soininen: Laulava poika 1<br \/>\n&nbsp;&nbsp;&nbsp;&nbsp; (k\u00e4sittelyn j\u00e4lkeen)<\/p>\n<p style=\"text-align: center;\"><a href=\"http:\/\/www.styng.net\/fi\/wp-content\/uploads\/2018\/05\/Reetta-Gr\u00f6hn-Soininen_Laulava-poika-2.jpg\"><img loading=\"lazy\" decoding=\"async\" class=\"aligncenter size-medium wp-image-1676\" src=\"http:\/\/www.styng.net\/fi\/wp-content\/uploads\/2018\/05\/Reetta-Gr\u00f6hn-Soininen_Laulava-poika-2-180x300.jpg\" alt=\"\" height=\"300\" width=\"180\" srcset=\"http:\/\/www.styng.net\/fi\/wp-content\/uploads\/2018\/05\/Reetta-Gr\u00f6hn-Soininen_Laulava-poika-2-180x300.jpg 180w, http:\/\/www.styng.net\/fi\/wp-content\/uploads\/2018\/05\/Reetta-Gr\u00f6hn-Soininen_Laulava-poika-2.jpg 340w\" sizes=\"auto, (max-width: 180px) 100vw, 180px\" \/><\/a>&nbsp;&nbsp;&nbsp;&nbsp;&nbsp;&nbsp;&nbsp;&nbsp;&nbsp;&nbsp;&nbsp;&nbsp;&nbsp;&nbsp;&nbsp; &nbsp;&nbsp; R. Gr\u00f6hn-Soininen: Laulava poika 2<br \/>\n&nbsp;&nbsp; (k\u00e4sittelyn j\u00e4lkeen)<\/p>\n<p style=\"text-align: center;\">Olen todella surullinen asioiden saamasta k\u00e4\u00e4nteest\u00e4. Toivon etten ole koskaan pahoittanut kenenk\u00e4\u00e4n mielt\u00e4 niin pahoin, ett\u00e4 siit\u00e4 seuraa t\u00e4llaista toimintaa.<br \/>\nVoin ymm\u00e4rt\u00e4\u00e4 ihmisen kokeman ahdistuksen ja raivonkin, vaikka se on vaikeaa kun omalle kohdalle sattuu.<\/p>\n<p style=\"text-align: center;\">Nyt on viikon sis\u00e4ll\u00e4 rikottu 3 teostani kappaleiksi, ja kokonaisuudessan rikottu 6 teosta. En t\u00e4t\u00e4 kirjoittaessani tunne halukkuutta jatkaa veistospuistotoimintaa. Se ei tunnu mielekk\u00e4\u00e4lt\u00e4, jos kaikki omat ty\u00f6t rikotaan. En ajattele niink\u00e4\u00e4n menetyst\u00e4 taloudellisena vaan muista l\u00e4ht\u00f6kohdista k\u00e4sin.<\/p>\n","protected":false},"excerpt":{"rendered":"<p>Viikonloppuna, 25-26.5 v\u00e4lisen\u00e4 y\u00f6n\u00e4 taas tihut\u00f6it\u00e4 Luulajanpuistossa: molemmat ty\u00f6ni, \u201dMin\u00e4 olen kaunis\u201d ja \u201dJokainen meist\u00e4 on kaunis\u201d, nuijittu s\u00e4p\u00e4leiksi ja Reetan ty\u00f6t \u201dLaulava poika 1\u201d ja \u201dLaulava poika 2\u201d taklattu [&hellip;]<\/p>\n","protected":false},"author":1,"featured_media":0,"comment_status":"open","ping_status":"open","sticky":false,"template":"","format":"standard","meta":{"ngg_post_thumbnail":0,"footnotes":""},"categories":[6],"tags":[],"class_list":["post-1668","post","type-post","status-publish","format-standard","hentry","category-blogi"],"_links":{"self":[{"href":"http:\/\/www.styng.net\/fi\/wp-json\/wp\/v2\/posts\/1668","targetHints":{"allow":["GET"]}}],"collection":[{"href":"http:\/\/www.styng.net\/fi\/wp-json\/wp\/v2\/posts"}],"about":[{"href":"http:\/\/www.styng.net\/fi\/wp-json\/wp\/v2\/types\/post"}],"author":[{"embeddable":true,"href":"http:\/\/www.styng.net\/fi\/wp-json\/wp\/v2\/users\/1"}],"replies":[{"embeddable":true,"href":"http:\/\/www.styng.net\/fi\/wp-json\/wp\/v2\/comments?post=1668"}],"version-history":[{"count":7,"href":"http:\/\/www.styng.net\/fi\/wp-json\/wp\/v2\/posts\/1668\/revisions"}],"predecessor-version":[{"id":1683,"href":"http:\/\/www.styng.net\/fi\/wp-json\/wp\/v2\/posts\/1668\/revisions\/1683"}],"wp:attachment":[{"href":"http:\/\/www.styng.net\/fi\/wp-json\/wp\/v2\/media?parent=1668"}],"wp:term":[{"taxonomy":"category","embeddable":true,"href":"http:\/\/www.styng.net\/fi\/wp-json\/wp\/v2\/categories?post=1668"},{"taxonomy":"post_tag","embeddable":true,"href":"http:\/\/www.styng.net\/fi\/wp-json\/wp\/v2\/tags?post=1668"}],"curies":[{"name":"wp","href":"https:\/\/api.w.org\/{rel}","templated":true}]}}