{"id":1943,"date":"2020-07-09T17:46:57","date_gmt":"2020-07-09T14:46:57","guid":{"rendered":"http:\/\/www.styng.net\/fi\/?p=1943"},"modified":"2020-07-09T17:58:56","modified_gmt":"2020-07-09T14:58:56","slug":"kesa-2020","status":"publish","type":"post","link":"http:\/\/www.styng.net\/fi\/blogi\/kesa-2020\/","title":{"rendered":"Kes\u00e4 2020"},"content":{"rendered":"\n<p class=\"wp-block-paragraph\">Kes\u00e4 alkaa olla kohta jo puoliv\u00e4liss\u00e4, mik\u00e4li sen kuluminen lasketaan aikajaksolla kes\u00e4-, hein\u00e4- ja elokuu. Meh\u00e4n mielell\u00e4\u00e4n jaamme asiat aikajaksoihin, kes\u00e4 3 kuukautta, syys 3 kuukautta, talvi 3 kuukautta, kev\u00e4t 3 kuukautta. Noin kai se vissiin menee.<\/p>\n\n\n\n<p class=\"wp-block-paragraph\">No, meni miten meni, nyt on hein\u00e4kuu ja hellejakso hellitti. Vaikka helteist\u00e4 tupataan valittamaan niin aina niit\u00e4 sitten kaivataankin. Kumma juttu. Jospa se on se ennen oli kaikki paremmin, vaikka se ennen olisi niinkin vasta kuin viime viikolla.<\/p>\n\n\n\n<p class=\"wp-block-paragraph\">Limingan n\u00e4yttely siirtyi siis ensi vuoden kes\u00e4kuulle, niinku on kai jo monta kertaa tullut tuumittua. Marja-Leenan kanssa pystytet\u00e4\u00e4n n\u00e4yttely Pudasj\u00e4rvelle ensi kuussa, ellei korona saa aikaa yll\u00e4tyksi\u00e4, siihen on jo julistekin olemassa. Ihan tyylik\u00e4s juliste, en vain osaa liitt\u00e4\u00e4 viel\u00e4 kuvia t\u00e4ysikokoisina n\u00e4ihin kirjoituksiin. Meniv\u00e4t hitto vie taas p\u00e4ivittelem\u00e4\u00e4n n\u00e4it\u00e4 asetuksia, menee v\u00e4hemm\u00e4st\u00e4kin l\u00f6ys\u00e4 p\u00e4\u00e4 sekaisin.<\/p>\n\n\n\n<p class=\"wp-block-paragraph\">Ensi vuonna minulla on Oulussa 2 ja Tyrn\u00e4v\u00e4ll\u00e4 1 n\u00e4yttely\u00e4 ja sitten meill\u00e4 on Marja-Leenan kanssa se Limingan n\u00e4yttely. Kaikenlaista. Olen t\u00e4ss\u00e4 ahkerasti yritt\u00e4nyt maalailla ja veistell\u00e4 sen mukaan mit\u00e4 voimat ovat riitt\u00e4neet. Kitaraan en ole koskenut yli vuoteen. Olen toki saattanut ohikulkeissani hipaista niit\u00e4, ja yhden kerran viritin ne, mutta soittanut en ole, ei ole oikein ollut hinkua yritt\u00e4\u00e4.<\/p>\n","protected":false},"excerpt":{"rendered":"<p>Kes\u00e4 alkaa olla kohta jo puoliv\u00e4liss\u00e4, mik\u00e4li sen kuluminen lasketaan aikajaksolla kes\u00e4-, hein\u00e4- ja elokuu. Meh\u00e4n mielell\u00e4\u00e4n jaamme asiat aikajaksoihin, kes\u00e4 3 kuukautta, syys 3 kuukautta, talvi 3 kuukautta, kev\u00e4t [&hellip;]<\/p>\n","protected":false},"author":1,"featured_media":1944,"comment_status":"open","ping_status":"open","sticky":false,"template":"","format":"standard","meta":{"_crdt_document":"","ngg_post_thumbnail":0,"footnotes":""},"categories":[6],"tags":[],"class_list":["post-1943","post","type-post","status-publish","format-standard","has-post-thumbnail","hentry","category-blogi"],"_links":{"self":[{"href":"http:\/\/www.styng.net\/fi\/wp-json\/wp\/v2\/posts\/1943","targetHints":{"allow":["GET"]}}],"collection":[{"href":"http:\/\/www.styng.net\/fi\/wp-json\/wp\/v2\/posts"}],"about":[{"href":"http:\/\/www.styng.net\/fi\/wp-json\/wp\/v2\/types\/post"}],"author":[{"embeddable":true,"href":"http:\/\/www.styng.net\/fi\/wp-json\/wp\/v2\/users\/1"}],"replies":[{"embeddable":true,"href":"http:\/\/www.styng.net\/fi\/wp-json\/wp\/v2\/comments?post=1943"}],"version-history":[{"count":4,"href":"http:\/\/www.styng.net\/fi\/wp-json\/wp\/v2\/posts\/1943\/revisions"}],"predecessor-version":[{"id":1950,"href":"http:\/\/www.styng.net\/fi\/wp-json\/wp\/v2\/posts\/1943\/revisions\/1950"}],"wp:featuredmedia":[{"embeddable":true,"href":"http:\/\/www.styng.net\/fi\/wp-json\/wp\/v2\/media\/1944"}],"wp:attachment":[{"href":"http:\/\/www.styng.net\/fi\/wp-json\/wp\/v2\/media?parent=1943"}],"wp:term":[{"taxonomy":"category","embeddable":true,"href":"http:\/\/www.styng.net\/fi\/wp-json\/wp\/v2\/categories?post=1943"},{"taxonomy":"post_tag","embeddable":true,"href":"http:\/\/www.styng.net\/fi\/wp-json\/wp\/v2\/tags?post=1943"}],"curies":[{"name":"wp","href":"https:\/\/api.w.org\/{rel}","templated":true}]}}