{"id":2564,"date":"2021-05-24T15:47:14","date_gmt":"2021-05-24T12:47:14","guid":{"rendered":"http:\/\/www.styng.net\/fi\/?p=2564"},"modified":"2021-05-24T15:47:14","modified_gmt":"2021-05-24T12:47:14","slug":"kesa-tulee-2","status":"publish","type":"post","link":"http:\/\/www.styng.net\/fi\/blogi\/kesa-tulee-2\/","title":{"rendered":"Kes\u00e4 tulee"},"content":{"rendered":"\n<p class=\"wp-block-paragraph\">Vaikka s\u00e4\u00e4st\u00e4 ei t\u00e4ll\u00e4 hetkell\u00e4 voikaan niin p\u00e4\u00e4tell\u00e4, niin kes\u00e4 on tulossa siit\u00e4 huolimatta. Kyll\u00e4h\u00e4n sit\u00e4 vett\u00e4kin kuuluu tulla, ett\u00e4 saadaan kasvillisuus parhaaseen loistoonsa. T\u00e4llainen lysti tulisi kes\u00e4 kes\u00e4kuussa:<br><a href=\"https:\/\/artoulu.fi\/nayttely\/jorma-styng-marja-leena-tykkylainen-luonnollisesti-2\/\" target=\"_blank\" rel=\"noreferrer noopener\">https:\/\/artoulu.fi\/nayttely\/jorma-styng-marja-leena-tykkylainen-luonnollisesti-2\/<\/a><\/p>\n\n\n\n<p class=\"wp-block-paragraph\">Harmi vain kun tuossa mainoksessa ei ole Marja-Leenasta mit\u00e4\u00e4n, minusta h\u00e4n tekee upeita t\u00f6it\u00e4. Pudasj\u00e4rvell\u00e4 yhteisn\u00e4yttelyss\u00e4mme viime syksyn\u00e4 niit\u00e4 jo sain ihailla.<\/p>\n\n\n\n<p class=\"wp-block-paragraph\">Mit\u00e4s muuta? No, eip\u00e4 ihmeit\u00e4, liityin &#8221;Roska p\u00e4iv\u00e4ss\u00e4&#8221; -ryhm\u00e4\u00e4n ja tein sellaisen Roskislauluun, joka pit\u00e4isi nyt saada nauhalle. Huomenna olisi tarkoitus yritt\u00e4\u00e4 nauhoittaa ensimm\u00e4isen kerran, saa n\u00e4hd\u00e4 mit\u00e4 tulee kun \u00e4\u00e4nityskalusto eik\u00e4 \u00e4\u00e4nitt\u00e4j\u00e4 (=min\u00e4) eiv\u00e4t ole ammattitasoa. Jos ei onnistu, niin pit\u00e4\u00e4 mietti\u00e4 jotain muuta mahdollisuutta kun kerta tuli jo luvattua, ett\u00e4 se nauhoitetaan.<\/p>\n","protected":false},"excerpt":{"rendered":"<p>Vaikka s\u00e4\u00e4st\u00e4 ei t\u00e4ll\u00e4 hetkell\u00e4 voikaan niin p\u00e4\u00e4tell\u00e4, niin kes\u00e4 on tulossa siit\u00e4 huolimatta. Kyll\u00e4h\u00e4n sit\u00e4 vett\u00e4kin kuuluu tulla, ett\u00e4 saadaan kasvillisuus parhaaseen loistoonsa. T\u00e4llainen lysti tulisi kes\u00e4 kes\u00e4kuussa:https:\/\/artoulu.fi\/nayttely\/jorma-styng-marja-leena-tykkylainen-luonnollisesti-2\/ Harmi [&hellip;]<\/p>\n","protected":false},"author":1,"featured_media":0,"comment_status":"open","ping_status":"open","sticky":false,"template":"","format":"standard","meta":{"_crdt_document":"","ngg_post_thumbnail":0,"footnotes":""},"categories":[6],"tags":[],"class_list":["post-2564","post","type-post","status-publish","format-standard","hentry","category-blogi"],"_links":{"self":[{"href":"http:\/\/www.styng.net\/fi\/wp-json\/wp\/v2\/posts\/2564","targetHints":{"allow":["GET"]}}],"collection":[{"href":"http:\/\/www.styng.net\/fi\/wp-json\/wp\/v2\/posts"}],"about":[{"href":"http:\/\/www.styng.net\/fi\/wp-json\/wp\/v2\/types\/post"}],"author":[{"embeddable":true,"href":"http:\/\/www.styng.net\/fi\/wp-json\/wp\/v2\/users\/1"}],"replies":[{"embeddable":true,"href":"http:\/\/www.styng.net\/fi\/wp-json\/wp\/v2\/comments?post=2564"}],"version-history":[{"count":2,"href":"http:\/\/www.styng.net\/fi\/wp-json\/wp\/v2\/posts\/2564\/revisions"}],"predecessor-version":[{"id":2566,"href":"http:\/\/www.styng.net\/fi\/wp-json\/wp\/v2\/posts\/2564\/revisions\/2566"}],"wp:attachment":[{"href":"http:\/\/www.styng.net\/fi\/wp-json\/wp\/v2\/media?parent=2564"}],"wp:term":[{"taxonomy":"category","embeddable":true,"href":"http:\/\/www.styng.net\/fi\/wp-json\/wp\/v2\/categories?post=2564"},{"taxonomy":"post_tag","embeddable":true,"href":"http:\/\/www.styng.net\/fi\/wp-json\/wp\/v2\/tags?post=2564"}],"curies":[{"name":"wp","href":"https:\/\/api.w.org\/{rel}","templated":true}]}}