{"id":2742,"date":"2021-12-16T07:45:17","date_gmt":"2021-12-16T05:45:17","guid":{"rendered":"http:\/\/www.styng.net\/fi\/?p=2742"},"modified":"2021-12-16T21:08:46","modified_gmt":"2021-12-16T19:08:46","slug":"vapaalla","status":"publish","type":"post","link":"http:\/\/www.styng.net\/fi\/blogi\/vapaalla\/","title":{"rendered":"Vapaalla"},"content":{"rendered":"\n<p class=\"wp-block-paragraph\">Nyt ty\u00f6rupeamani taiteilijaseuran leiviss\u00e4 on p\u00e4\u00e4ttynyt t\u00e4ll\u00e4 er\u00e4\u00e4, roskikset ovat valmiina ja niit\u00e4 on alettu kiinnitt\u00e4m\u00e4\u00e4n paikoilleen ymp\u00e4ri Oulun suuraluetta.<\/p>\n\n\n\n<figure class=\"wp-block-image size-large\"><a href=\"http:\/\/www.styng.net\/fi\/wp-content\/uploads\/2021\/12\/Kaleva-16.12.2021.jpg\"><img loading=\"lazy\" decoding=\"async\" width=\"560\" height=\"1024\" src=\"http:\/\/www.styng.net\/fi\/wp-content\/uploads\/2021\/12\/Kaleva-16.12.2021-560x1024.jpg\" alt=\"\" class=\"wp-image-2743\" srcset=\"http:\/\/www.styng.net\/fi\/wp-content\/uploads\/2021\/12\/Kaleva-16.12.2021-560x1024.jpg 560w, http:\/\/www.styng.net\/fi\/wp-content\/uploads\/2021\/12\/Kaleva-16.12.2021-164x300.jpg 164w, http:\/\/www.styng.net\/fi\/wp-content\/uploads\/2021\/12\/Kaleva-16.12.2021-768x1405.jpg 768w, http:\/\/www.styng.net\/fi\/wp-content\/uploads\/2021\/12\/Kaleva-16.12.2021-840x1536.jpg 840w, http:\/\/www.styng.net\/fi\/wp-content\/uploads\/2021\/12\/Kaleva-16.12.2021-1120x2048.jpg 1120w, http:\/\/www.styng.net\/fi\/wp-content\/uploads\/2021\/12\/Kaleva-16.12.2021.jpg 1339w\" sizes=\"auto, (max-width: 560px) 100vw, 560px\" \/><\/a><figcaption>Ei ole hyv\u00e4 kuva Kalevan uutisesta (16.12.2021), mutta eik\u00f6h\u00e4n tuosta selv\u00e4n saa. Kun ehdotin ideaa, en uskonut ett\u00e4 menee l\u00e4pi ja olihan se melko yll\u00e4tys kun se valittiinkin. Huippujuttu. 23 taiteilijaa sai t\u00f6it\u00e4 ja katukuvaan tulee hieman vahtelua. P\u00f6nt\u00f6t sijoitetaan t\u00e4ll\u00e4 tavalla: <\/figcaption><\/figure>\n\n\n\n<p class=\"wp-block-paragraph\">KESKUSTA, Otto Karhin Puisto&nbsp;&nbsp;&nbsp;&nbsp;&nbsp;&nbsp;&nbsp;&nbsp;&nbsp;&nbsp;&nbsp;&nbsp;&nbsp;&nbsp;&nbsp;&nbsp;&nbsp;&nbsp; <br>H\u00d6YHTY\u00c4, Karjasillanpuisto&nbsp;&nbsp;&nbsp;&nbsp;&nbsp;&nbsp;&nbsp;&nbsp;&nbsp;&nbsp;&nbsp;&nbsp;&nbsp;&nbsp;&nbsp;&nbsp;&nbsp;&nbsp;&nbsp;&nbsp;&nbsp;<br>OULUNSUU, V\u00e4rt\u00f6n uimaranta&nbsp;&nbsp;&nbsp;&nbsp;&nbsp;&nbsp;&nbsp;&nbsp;&nbsp;&nbsp;&nbsp;&nbsp;&nbsp;&nbsp;&nbsp;&nbsp;&nbsp;&nbsp;&nbsp;<br>KAUKOVAINIO, Hiirihaukantie &nbsp;&nbsp;&nbsp;&nbsp;&nbsp;&nbsp;&nbsp;&nbsp;&nbsp;&nbsp;&nbsp;&nbsp;&nbsp;&nbsp;&nbsp;&nbsp;&nbsp;&nbsp;&nbsp;&nbsp;&nbsp;&nbsp;&nbsp;&nbsp;&nbsp;<br>NUOTTASAARI, Liminganpuisto&nbsp;&nbsp;&nbsp;&nbsp;&nbsp;&nbsp;&nbsp;&nbsp;&nbsp;&nbsp;&nbsp;&nbsp;&nbsp;&nbsp;&nbsp;&nbsp;&nbsp;&nbsp;&nbsp;&nbsp;&nbsp;&nbsp;&nbsp; <br>KAAKKURI, Kaakkurintori&nbsp; &nbsp;&nbsp;&nbsp;&nbsp;&nbsp;&nbsp;&nbsp;&nbsp;&nbsp;&nbsp;&nbsp;&nbsp;&nbsp;&nbsp;&nbsp;&nbsp;&nbsp;&nbsp;&nbsp;&nbsp;&nbsp;&nbsp;&nbsp;&nbsp;&nbsp;<br>MAIKKULA, Maikkulantori&nbsp;&nbsp;&nbsp;&nbsp;&nbsp;&nbsp;&nbsp;&nbsp;&nbsp;&nbsp;&nbsp;&nbsp;&nbsp;&nbsp;&nbsp;&nbsp;&nbsp;&nbsp; &nbsp;&nbsp;&nbsp;&nbsp;&nbsp;&nbsp;&nbsp;&nbsp;&nbsp;&nbsp;&nbsp;&nbsp;&nbsp;&nbsp;&nbsp;&nbsp;&nbsp;&nbsp;&nbsp;&nbsp;&nbsp;&nbsp;&nbsp;&nbsp;&nbsp;&nbsp; <br>TUIRA, Pikisaari&nbsp;&nbsp;&nbsp;&nbsp;&nbsp;&nbsp;&nbsp;&nbsp;&nbsp;&nbsp; &nbsp;&nbsp;&nbsp;&nbsp;&nbsp;&nbsp;&nbsp;&nbsp;&nbsp;&nbsp;&nbsp;&nbsp;&nbsp;&nbsp;&nbsp;&nbsp;&nbsp;&nbsp;&nbsp;&nbsp;&nbsp;&nbsp;&nbsp;&nbsp;&nbsp; <br>PUOLIV\u00c4LINKANGAS, Paulaharjuntie&nbsp;&nbsp;&nbsp;&nbsp;&nbsp;&nbsp;&nbsp;&nbsp;&nbsp;&nbsp;&nbsp;&nbsp;&nbsp;&nbsp;&nbsp;&nbsp;&nbsp;&nbsp;&nbsp;&nbsp;&nbsp;&nbsp;&nbsp;&nbsp;&nbsp; <br>KOSKELA, Toppilansalmenpuisto&nbsp;&nbsp;&nbsp;&nbsp;&nbsp;&nbsp;&nbsp;&nbsp;&nbsp;&nbsp;&nbsp;&nbsp;&nbsp;&nbsp;&nbsp;&nbsp;&nbsp;&nbsp;&nbsp;&nbsp;&nbsp; &nbsp;&nbsp;&nbsp;&nbsp;&nbsp;&nbsp;&nbsp;&nbsp;&nbsp;&nbsp;&nbsp; <br>PATENIEMI, Koisopuisto&nbsp;&nbsp;&nbsp;&nbsp;&nbsp;&nbsp;&nbsp;&nbsp;&nbsp;&nbsp;&nbsp;&nbsp;&nbsp;&nbsp;&nbsp;&nbsp; &nbsp;&nbsp;&nbsp;&nbsp;&nbsp;&nbsp;&nbsp;&nbsp;&nbsp;&nbsp;&nbsp;&nbsp;&nbsp;&nbsp;&nbsp;&nbsp;&nbsp;&nbsp;&nbsp;&nbsp;&nbsp;&nbsp;&nbsp;&nbsp;&nbsp;&nbsp;&nbsp;&nbsp;&nbsp;&nbsp; <br>KAIJONHARJU, Yliopistonkatu&nbsp;&nbsp;&nbsp;&nbsp;&nbsp;&nbsp;&nbsp;&nbsp;&nbsp;&nbsp;&nbsp;&nbsp; &nbsp;&nbsp;&nbsp;&nbsp;&nbsp;&nbsp;&nbsp;&nbsp;&nbsp;&nbsp;&nbsp;&nbsp;&nbsp;&nbsp;&nbsp;&nbsp;&nbsp;&nbsp;&nbsp;&nbsp;&nbsp;&nbsp;&nbsp;&nbsp;&nbsp; <br>MYLLYOJA, Parkkisenkankaantie&nbsp;&nbsp;&nbsp;&nbsp;&nbsp;&nbsp;&nbsp;&nbsp;&nbsp;&nbsp;&nbsp;&nbsp;&nbsp;&nbsp;&nbsp;&nbsp;&nbsp;&nbsp; &nbsp;&nbsp;&nbsp;&nbsp;&nbsp;&nbsp;&nbsp;&nbsp;&nbsp;&nbsp;&nbsp;&nbsp;&nbsp;&nbsp;<br>SANGINSUU, Sanginsuun koulun piha&nbsp;&nbsp;&nbsp;&nbsp;&nbsp;&nbsp;&nbsp;&nbsp;&nbsp;&nbsp;&nbsp;&nbsp;&nbsp;&nbsp;&nbsp; &nbsp;&nbsp;&nbsp;&nbsp;&nbsp;&nbsp;&nbsp;&nbsp; <br>KORVENSUORA, Talvikankaantie&nbsp;&nbsp;&nbsp;&nbsp;&nbsp;&nbsp;&nbsp;&nbsp;&nbsp;&nbsp;&nbsp;&nbsp;&nbsp;&nbsp;&nbsp;&nbsp;&nbsp;&nbsp;&nbsp;&nbsp;&nbsp;&nbsp;&nbsp; <br>YLIKIIMINKI, Ylikiimingin tori&nbsp;&nbsp;&nbsp;&nbsp;&nbsp;&nbsp;&nbsp;&nbsp;&nbsp;&nbsp;&nbsp;&nbsp;&nbsp;&nbsp;&nbsp;&nbsp; &nbsp;&nbsp;&nbsp;&nbsp;&nbsp;&nbsp;&nbsp;&nbsp;&nbsp;&nbsp;&nbsp;&nbsp;&nbsp;&nbsp;&nbsp;&nbsp;&nbsp;&nbsp;&nbsp;&nbsp;&nbsp;&nbsp;&nbsp; <br>HIUKKAVAARA, Hiukkavaarankatu&nbsp;&nbsp;&nbsp;&nbsp;&nbsp;&nbsp;&nbsp;&nbsp;&nbsp;&nbsp; &nbsp;&nbsp;&nbsp;&nbsp;&nbsp;&nbsp;&nbsp;&nbsp;&nbsp;&nbsp;&nbsp;&nbsp;&nbsp;&nbsp;&nbsp;&nbsp;&nbsp;&nbsp; <br>HAUKIPUDAS, Revontie&nbsp;&nbsp;&nbsp;&nbsp;&nbsp;&nbsp;&nbsp;&nbsp;&nbsp;&nbsp;&nbsp;&nbsp;&nbsp;&nbsp;&nbsp;&nbsp;&nbsp;&nbsp;&nbsp;&nbsp;&nbsp;&nbsp;&nbsp;&nbsp;&nbsp;&nbsp;&nbsp;&nbsp;&nbsp;&nbsp;&nbsp;&nbsp;&nbsp;&nbsp;&nbsp; <br>KELLO, Kyl\u00e4tie&nbsp;&nbsp;&nbsp;&nbsp;&nbsp;&nbsp;&nbsp;&nbsp;&nbsp;&nbsp;&nbsp;&nbsp;&nbsp; &nbsp;&nbsp;&nbsp;&nbsp;&nbsp;&nbsp;&nbsp;&nbsp;&nbsp;&nbsp;&nbsp;&nbsp;&nbsp;&nbsp;&nbsp;&nbsp;&nbsp;&nbsp;&nbsp;&nbsp;&nbsp;&nbsp;&nbsp;&nbsp;&nbsp; <br>KIIMINKI, Isoahontie&nbsp;&nbsp;&nbsp;&nbsp;&nbsp;&nbsp;&nbsp;&nbsp;&nbsp;&nbsp;&nbsp;&nbsp;&nbsp;&nbsp;&nbsp;&nbsp;&nbsp;&nbsp;&nbsp;&nbsp;&nbsp;&nbsp;&nbsp;&nbsp;&nbsp;&nbsp;&nbsp;&nbsp;&nbsp;&nbsp;&nbsp;&nbsp; <br>J\u00c4\u00c4LI, J\u00e4\u00e4lintie&nbsp;&nbsp;&nbsp;&nbsp;&nbsp;&nbsp;&nbsp;&nbsp;&nbsp;&nbsp;&nbsp;&nbsp;&nbsp;&nbsp;&nbsp;&nbsp;&nbsp;&nbsp;&nbsp;&nbsp;&nbsp;&nbsp;&nbsp;&nbsp;&nbsp;&nbsp;&nbsp; &nbsp;&nbsp;&nbsp;&nbsp;&nbsp;&nbsp;&nbsp;&nbsp;&nbsp;&nbsp;&nbsp;&nbsp;&nbsp;&nbsp;&nbsp;&nbsp;&nbsp;&nbsp;&nbsp;&nbsp;&nbsp;&nbsp;&nbsp;&nbsp;&nbsp;&nbsp;&nbsp;&nbsp;&nbsp;&nbsp;&nbsp;&nbsp;&nbsp;&nbsp;&nbsp;&nbsp;  <br>OULUNSALO, Kauppiaantie&nbsp;&nbsp;&nbsp;&nbsp;&nbsp;&nbsp;&nbsp;&nbsp;&nbsp;&nbsp;&nbsp;&nbsp;&nbsp;&nbsp;&nbsp;&nbsp;&nbsp;&nbsp;&nbsp;&nbsp;&nbsp;&nbsp;&nbsp;&nbsp;&nbsp;&nbsp;&nbsp; <br>YLI-II, Yli-Iin tori&nbsp;&nbsp;&nbsp;&nbsp;&nbsp;&nbsp;&nbsp;&nbsp;&nbsp;&nbsp;&nbsp;&nbsp;&nbsp;<\/p>\n\n\n\n<p class=\"wp-block-paragraph\">Nyt aamup\u00e4iv\u00e4ll\u00e4 olisi taidemuseolla sellainen Pecha Kucha -henkinen tapahtuma, jossa taiteilijat saa 5 minuuttia p\u00f6l\u00f6tt\u00e4\u00e4 omista t\u00f6ist\u00e4\u00e4n ja\/tai omasta taiteilijuudestaan ja asiantuntujat kuuntelee. Min\u00e4kin oon siell\u00e4. Hieno sana tuo Pecha Kucha. Piti aluksi ihan googlettaa mit\u00e4 se tarkoittaa. En tied\u00e4 olisiko kannattanut v\u00e4h\u00e4n valmistella mit\u00e4 aikoo puhua mutta min\u00e4 en ole valmistautunut muuten kuin l\u00e4hett\u00e4m\u00e4ll\u00e4 ne kuvat omista t\u00f6ist\u00e4 mitk\u00e4 siell\u00e4 heijastetaan n\u00e4k\u00f6s\u00e4lle. Uusi kokemus. \u00a0\u00a0\u00a0\u00a0\u00a0<\/p>\n\n\n\n<p class=\"wp-block-paragraph\">Klo 20:27<\/p>\n\n\n\n<p class=\"wp-block-paragraph\">Olin aamup\u00e4iv\u00e4ll\u00e4 siell\u00e4 taidemuseolla puhumassa taiteilijuudestani ja t\u00f6ist\u00e4ni. Nyt on ilta. Kuten yleens\u00e4, parhaat ajatukset siit\u00e4, mit\u00e4 olisi kannattanut sanoa, tulevat mieleen vasta j\u00e4lkeenp\u00e4in. Nyt p\u00e4\u00e4stelin improvisoimalla sen kummemmin tuumimatta t\u00f6ist\u00e4ni, joita l\u00e4sn\u00e4olijoille n\u00e4ytettiin.<\/p>\n\n\n\n<p class=\"wp-block-paragraph\">Mit\u00e4 minun sitten olisi kannattanut sanoa? No, ehk\u00e4 enemm\u00e4nkin siit\u00e4 mit\u00e4 ajattelen taiteen tekemisest\u00e4. Esimerkiksi sen ajatuksen, ett\u00e4 ajattelen eri taiteen lajeilla olevan samanlaisia \u201ds\u00e4\u00e4nt\u00f6j\u00e4\u201d esim. muotorakenteissaan, esim. siin\u00e4 kuinka teos niin sanotusti pysyy kasassa. Jos ajatellaan vaikka kirjallisuutta, elokuvataidetta, teatteria, musiikkia, kuvataidetta, niin tietynlaisia muotorakenteita ne seuraavat, vaikka rakenteita toki rikotaankin tarkoituksella.<\/p>\n\n\n\n<p class=\"wp-block-paragraph\">Siit\u00e4 olisin voinut my\u00f6s sanoa, ett\u00e4 ajattelen maailmankaikkeudessa vallitsevan tietynlaisen energian, josta kaikki muodostuvat, me kaikki olemme sit\u00e4 samaa energiaa, min\u00e4, sin\u00e4, el\u00e4imet, kasvit, puusto, materia, maapallo, maailmankaikkeus. Jos joku sit\u00e4 energiaa haluaa Jumalaksi kutsua, niin kaikin mokomin, jos joku jollain muulla nimell\u00e4, niin kaikin mokomin, mutta nimest\u00e4 ei kannata riidell\u00e4 tai pist\u00e4\u00e4 pystyyn sotia.<\/p>\n\n\n\n<p class=\"wp-block-paragraph\">Saatan erehty\u00e4kin, mutta yhdysvaltalainen psykologian tohtori Daniel Goleman, joka tuli tunnetuksi teoksestaan Tunne\u00e4ly, taisi kirjoittaa\/sanoa ett\u00e4 <em>Minulla on t\u00e4\u00e4ll\u00e4 tarkoitus. Voin saada aikaan mit\u00e4 ikin\u00e4 haluan ja teen sen olemalla sopusoinnussa kaikkialla maailmankaikkeudessa vallitsevan luovan voiman kanssa.<\/em><\/p>\n\n\n\n<p class=\"wp-block-paragraph\">Koen ett\u00e4 parhaimmat teokseni musiikin alalla ja kuvataiteessakin ovat syntyneet tilassa, jossa olen ollut tietoista ajattelua syvemm\u00e4ll\u00e4, tiedostamattoman puolella. Er\u00e4skin kitaras\u00e4vellykseni syntyi niin ett\u00e4 istuin s\u00e4ngyn reunalla kitara syliss\u00e4 katsellen ulos lumisateeseen ihmisten k\u00e4velless\u00e4 k\u00e4vely-\/py\u00f6r\u00e4tiell\u00e4. Nauhuri nauhoitti ja min\u00e4 otin sointuja, s\u00e4veli\u00e4 ja \u00e4\u00e4ni\u00e4 kitarasta ja yht\u00e4kki\u00e4 se oli valmis. My\u00f6hemmin nuotinsin soittoni nauhalta ja sain valmiiksi teoksen, josta olen iloinen ja ylpe\u00e4. Vastaavalla tavalla on tapahtunut joskus maalatessa tai veist\u00e4ess\u00e4. Koen, ett\u00e4 noita hetkin\u00e4 olen saanut kokea er\u00e4\u00e4nlaista yhteytt\u00e4 luovaan energiaan, jota on kaikkialla. Me kaikki olemme luovia, opittu pelko saattaa est\u00e4\u00e4 luovuuden ulostulon.<\/p>\n\n\n\n<p class=\"wp-block-paragraph\">Tuohon kaikkeen lienee osaltaan vaikuttanut meditaatio, jota olen harrastanut yli 30 vuotta. Se on minulle t\u00e4rke\u00e4 rentoutumisen muoto, jota en osaa t\u00e4ss\u00e4 tarkemmin selitell\u00e4. <\/p>\n\n\n\n<p class=\"wp-block-paragraph\">\u00a0\u00a0\u00a0\u00a0\u00a0\u00a0\u00a0\u00a0\u00a0\u00a0\u00a0\u00a0\u00a0\u00a0\u00a0\u00a0 <\/p>\n","protected":false},"excerpt":{"rendered":"<p>Nyt ty\u00f6rupeamani taiteilijaseuran leiviss\u00e4 on p\u00e4\u00e4ttynyt t\u00e4ll\u00e4 er\u00e4\u00e4, roskikset ovat valmiina ja niit\u00e4 on alettu kiinnitt\u00e4m\u00e4\u00e4n paikoilleen ymp\u00e4ri Oulun suuraluetta. KESKUSTA, Otto Karhin Puisto&nbsp;&nbsp;&nbsp;&nbsp;&nbsp;&nbsp;&nbsp;&nbsp;&nbsp;&nbsp;&nbsp;&nbsp;&nbsp;&nbsp;&nbsp;&nbsp;&nbsp;&nbsp; H\u00d6YHTY\u00c4, Karjasillanpuisto&nbsp;&nbsp;&nbsp;&nbsp;&nbsp;&nbsp;&nbsp;&nbsp;&nbsp;&nbsp;&nbsp;&nbsp;&nbsp;&nbsp;&nbsp;&nbsp;&nbsp;&nbsp;&nbsp;&nbsp;&nbsp;OULUNSUU, V\u00e4rt\u00f6n uimaranta&nbsp;&nbsp;&nbsp;&nbsp;&nbsp;&nbsp;&nbsp;&nbsp;&nbsp;&nbsp;&nbsp;&nbsp;&nbsp;&nbsp;&nbsp;&nbsp;&nbsp;&nbsp;&nbsp;KAUKOVAINIO, Hiirihaukantie &nbsp;&nbsp;&nbsp;&nbsp;&nbsp;&nbsp;&nbsp;&nbsp;&nbsp;&nbsp;&nbsp;&nbsp;&nbsp;&nbsp;&nbsp;&nbsp;&nbsp;&nbsp;&nbsp;&nbsp;&nbsp;&nbsp;&nbsp;&nbsp;&nbsp;NUOTTASAARI, [&hellip;]<\/p>\n","protected":false},"author":1,"featured_media":0,"comment_status":"open","ping_status":"open","sticky":false,"template":"","format":"standard","meta":{"_crdt_document":"","ngg_post_thumbnail":0,"footnotes":""},"categories":[6],"tags":[],"class_list":["post-2742","post","type-post","status-publish","format-standard","hentry","category-blogi"],"_links":{"self":[{"href":"http:\/\/www.styng.net\/fi\/wp-json\/wp\/v2\/posts\/2742","targetHints":{"allow":["GET"]}}],"collection":[{"href":"http:\/\/www.styng.net\/fi\/wp-json\/wp\/v2\/posts"}],"about":[{"href":"http:\/\/www.styng.net\/fi\/wp-json\/wp\/v2\/types\/post"}],"author":[{"embeddable":true,"href":"http:\/\/www.styng.net\/fi\/wp-json\/wp\/v2\/users\/1"}],"replies":[{"embeddable":true,"href":"http:\/\/www.styng.net\/fi\/wp-json\/wp\/v2\/comments?post=2742"}],"version-history":[{"count":3,"href":"http:\/\/www.styng.net\/fi\/wp-json\/wp\/v2\/posts\/2742\/revisions"}],"predecessor-version":[{"id":2747,"href":"http:\/\/www.styng.net\/fi\/wp-json\/wp\/v2\/posts\/2742\/revisions\/2747"}],"wp:attachment":[{"href":"http:\/\/www.styng.net\/fi\/wp-json\/wp\/v2\/media?parent=2742"}],"wp:term":[{"taxonomy":"category","embeddable":true,"href":"http:\/\/www.styng.net\/fi\/wp-json\/wp\/v2\/categories?post=2742"},{"taxonomy":"post_tag","embeddable":true,"href":"http:\/\/www.styng.net\/fi\/wp-json\/wp\/v2\/tags?post=2742"}],"curies":[{"name":"wp","href":"https:\/\/api.w.org\/{rel}","templated":true}]}}