{"id":2891,"date":"2022-07-28T19:27:08","date_gmt":"2022-07-28T16:27:08","guid":{"rendered":"http:\/\/www.styng.net\/fi\/?p=2891"},"modified":"2022-07-28T19:27:08","modified_gmt":"2022-07-28T16:27:08","slug":"torstai-on-toivoa-taynna","status":"publish","type":"post","link":"http:\/\/www.styng.net\/fi\/blogi\/torstai-on-toivoa-taynna\/","title":{"rendered":"Torstai on toivoa t\u00e4ynn\u00e4"},"content":{"rendered":"\n<p class=\"wp-block-paragraph\" style=\"font-size:16px\">Mist\u00e4h\u00e4n se tuollainenkin sanonta on per\u00e4isin? Jotenkin tuntuu liian yksinkertaiselta tuumia, ett\u00e4 se on ty\u00f6l\u00e4isten toiveikas odotussanonta, koska viikonloppu on tulossa. No, mit\u00e4p\u00e4 tuota pohtimaan, Fantom sarjakuvatkin on pullollaan vanhoja viidakon sanontoja.<\/p>\n\n\n\n<p class=\"has-black-color has-text-color wp-block-paragraph\" style=\"font-size:16px\">Yes, nyt on joka tapauksessa torstai. Eilinen hurahti n\u00e4yttelyn valmistelussa, tai ajatukset py\u00f6ri ainakin siin\u00e4. P\u00e4iv\u00e4ll\u00e4 olin kakaravaarassa Kaisun, Hannan ja Riikan kanssa tekem\u00e4ss\u00e4 julisteita ja ty\u00f6njakoa kuuntelemassa. Sielt\u00e4 sitten levitt\u00e4ydyttiin kukin omille tahoillemme julisteita levittelem\u00e4\u00e4n ja omia t\u00f6it\u00e4 viimeistelem\u00e4\u00e4n. Sain omat ty\u00f6ni valmiiksi ja olen niihin oikein tyytyv\u00e4inen, yksi on vain sellainen joka ei ole oikein mieluinen. Sen n\u00e4kee sitten maanantaina p\u00e4\u00e4seek\u00f6 se n\u00e4ytille vai tuleeko takaisin kotiin. <\/p>\n\n\n\n<p class=\"has-black-color has-text-color wp-block-paragraph\" style=\"font-size:16px\">Maanantaina klo 12:00 alkaa ripustus. Vies ty\u00f6ni Neli\u00f6-Galleriaan heti maanantaina ja h\u00e4\u00e4r\u00e4ilen siell\u00e4. Tiistaina menn\u00e4\u00e4n Tainan kanssa Iisalmeen jazz-p\u00e4iville ja y\u00f6vyt\u00e4\u00e4n siell\u00e4 hotellissa. Robben Ford tulee sinne pit\u00e4m\u00e4\u00e4n konsertin, sen haluan kuulla. Arvostan h\u00e4nen soittoaan todella korkealle. N\u00e4in h\u00e4net ensimm\u00e4ist\u00e4 kertaa Los Angelesissa kun olin GIT:ss\u00e4. H\u00e4n k\u00e4vi siell\u00e4 pit\u00e4m\u00e4ss\u00e4 seminaareja ja konsetteja. H\u00e4n teki melko vaikutuksen uupeloiseen Oulun poikaan.<\/p>\n\n\n\n<p class=\"has-black-color has-text-color wp-block-paragraph\" style=\"font-size:16px\">Sointu tuntee itsens\u00e4 sairaaksi, eik\u00e4 mennyt t\u00e4n\u00e4\u00e4n t\u00f6ihin. Heill\u00e4 olisi ollut Qstock-festivaalin j\u00e4rjestelyhommia. H\u00e4n k\u00e4vi aamulla koronatestiss\u00e4 ja nyt odottelee tuloksia. En tied\u00e4 vaikuttaako se meid\u00e4n el\u00e4m\u00e4\u00e4mme kovin, jos sielt\u00e4 tulee positiivinen tulos. Ensi viikolla on esimerkiksi Iisalmen reissu ja n\u00e4yttelyn avajaiset (ks. Tapahtumat). No, hetki kerrallaan, mit\u00e4p\u00e4 noita m\u00e4rehtim\u00e4\u00e4n. Jos jotain peruutuksia tulee, niin neh\u00e4n kuuluvat vain el\u00e4m\u00e4\u00e4n.<\/p>\n\n\n\n<p class=\"has-black-color has-text-color wp-block-paragraph\" style=\"font-size:16px\">EIlen illalla Sointu haki koirat t\u00e4nne, Lunan (siperian husky) ja Milan (sekarot.). Mukavia tytt\u00f6j\u00e4, joille on jo ik\u00e4\u00e4 kertynyt, Lunallekin 10 vuotta, ihmisi\u00e4ss\u00e4 70, Milalle pari vuotta v\u00e4hemm\u00e4n.<\/p>\n\n\n\n<p class=\"has-black-color has-text-color wp-block-paragraph\" style=\"font-size:16px\">Vitsi, kun silloin kauan kauan sitten Jorin kanssa (k. 2004) laitettiin tuonne alakerran &#8221;takkahuoneeseen&#8221;, joka on ollut silloin 40- ja 50-luvuilla kai hiili- tai puuvarasto, lautapaneelit betoniseiniin. Eih\u00e4n siin\u00e4 mit\u00e4\u00e4n, hyv\u00e4 ideahan se oli l\u00e4mm\u00f6n kannalta, koska laitettiin karhuvillat paneelien alle, mutta kun min\u00e4 \u00e4lyp\u00e4\u00e4 olin jostain saanut p\u00e4\u00e4h\u00e4ni ett\u00e4 karhuvillojen p\u00e4\u00e4lle ennen paneeleita t\u00e4ytyy laittaa muovit, ja me laitettiin sinne muovit minun tomppelin m\u00e4\u00e4r\u00e4yksest\u00e4.<\/p>\n\n\n\n<p class=\"wp-block-paragraph\" style=\"font-size:16px\">Nyt se muoviasia on py\u00f6rinyt minun mieless\u00e4 jo vuosikausia ja olen tullut siihen lopputulokseen, ett\u00e4 ne on otettava sielt\u00e4 pois. T\u00e4n\u00e4\u00e4n menin sit\u00e4 tekem\u00e4\u00e4n. Ajattelin, ett\u00e4 helppo nakki. Eip\u00e4s ollutkaan. Vaatii kovastikin suunnittelua, kun ei ne sielt\u00e4 niin helposti l\u00e4hdek\u00e4\u00e4n irti. Voihan r\u00e4hm\u00e4. Asiaa ei my\u00f6sk\u00e4\u00e4n auta se, ett\u00e4 huone on toiminut ty\u00f6huoneenani ja on t\u00e4ynn\u00e4 tauluja ja maalaustarvikkeita hujan hajan pitk\u00e4ll\u00e4 ty\u00f6p\u00f6yd\u00e4ll\u00e4. <\/p>\n","protected":false},"excerpt":{"rendered":"<p>Mist\u00e4h\u00e4n se tuollainenkin sanonta on per\u00e4isin? Jotenkin tuntuu liian yksinkertaiselta tuumia, ett\u00e4 se on ty\u00f6l\u00e4isten toiveikas odotussanonta, koska viikonloppu on tulossa. No, mit\u00e4p\u00e4 tuota pohtimaan, Fantom sarjakuvatkin on pullollaan vanhoja [&hellip;]<\/p>\n","protected":false},"author":1,"featured_media":0,"comment_status":"open","ping_status":"open","sticky":false,"template":"","format":"standard","meta":{"_crdt_document":"","ngg_post_thumbnail":0,"footnotes":""},"categories":[6],"tags":[],"class_list":["post-2891","post","type-post","status-publish","format-standard","hentry","category-blogi"],"_links":{"self":[{"href":"http:\/\/www.styng.net\/fi\/wp-json\/wp\/v2\/posts\/2891","targetHints":{"allow":["GET"]}}],"collection":[{"href":"http:\/\/www.styng.net\/fi\/wp-json\/wp\/v2\/posts"}],"about":[{"href":"http:\/\/www.styng.net\/fi\/wp-json\/wp\/v2\/types\/post"}],"author":[{"embeddable":true,"href":"http:\/\/www.styng.net\/fi\/wp-json\/wp\/v2\/users\/1"}],"replies":[{"embeddable":true,"href":"http:\/\/www.styng.net\/fi\/wp-json\/wp\/v2\/comments?post=2891"}],"version-history":[{"count":4,"href":"http:\/\/www.styng.net\/fi\/wp-json\/wp\/v2\/posts\/2891\/revisions"}],"predecessor-version":[{"id":2895,"href":"http:\/\/www.styng.net\/fi\/wp-json\/wp\/v2\/posts\/2891\/revisions\/2895"}],"wp:attachment":[{"href":"http:\/\/www.styng.net\/fi\/wp-json\/wp\/v2\/media?parent=2891"}],"wp:term":[{"taxonomy":"category","embeddable":true,"href":"http:\/\/www.styng.net\/fi\/wp-json\/wp\/v2\/categories?post=2891"},{"taxonomy":"post_tag","embeddable":true,"href":"http:\/\/www.styng.net\/fi\/wp-json\/wp\/v2\/tags?post=2891"}],"curies":[{"name":"wp","href":"https:\/\/api.w.org\/{rel}","templated":true}]}}