{"id":2910,"date":"2022-08-11T16:48:22","date_gmt":"2022-08-11T13:48:22","guid":{"rendered":"http:\/\/www.styng.net\/fi\/?p=2910"},"modified":"2022-08-11T16:48:22","modified_gmt":"2022-08-11T13:48:22","slug":"koulupaiva","status":"publish","type":"post","link":"http:\/\/www.styng.net\/fi\/blogi\/koulupaiva\/","title":{"rendered":"Koulup\u00e4iv\u00e4"},"content":{"rendered":"\n<p class=\"wp-block-paragraph\">T\u00e4m\u00e4 p\u00e4iv\u00e4 on ollut j\u00e4nnitt\u00e4v\u00e4 p\u00e4iv\u00e4 monelle ekaluokkalaiselle, koska koulut ovat alkaneet t\u00e4n\u00e4\u00e4n. Samaten useat ukrainalaiset lapset, jotka ovat Suomessa sotaa paossa, ovat aloittaneet koulusyksyns\u00e4.<br>En muista olenko kirjoittanut t\u00e4m\u00e4n aikaisemmin, mutta muistan (huom. ensin kielteinen muistaa -verbi ja sitten my\u00f6nteinen muistaa -verbi) kun itse ekaluokkalaisena tein kerran jotain kirjoitusl\u00e4ksy\u00e4 kotona, niin olin saanut jostain p\u00e4\u00e4h\u00e4ni ett\u00e4 sen pit\u00e4\u00e4 mahtua vihkon yhdelle sivulle, ja eih\u00e4n se mahtunut. Pyyhekumi viuhui ja min\u00e4 yritin uudestaan ja uudestaan. Ei mahtunut. Is\u00e4 nauroi ett\u00e4 ei sen pid\u00e4 yhdelle sivulle mahtua ja min\u00e4 itkin ja huusin ett\u00e4 pit\u00e4\u00e4 kun opettaja sanoi. En muista miten tilanne p\u00e4\u00e4ttyi, mutta tuon naurun, itkun ja huudon muistan.<br>Sama tilanne toistui yli kolmikyppisen\u00e4 USA:sa kun olin yhdess\u00e4 Ear training -tentiss\u00e4. Piti kuunnella kuulokkeilla yksi biisi ja kirjoittaa siit\u00e4 komppilappu. Jostain ihme syyst\u00e4 minulle iski p\u00e4\u00e4lle sama ekaluokkalaisen vuorenvarma usko ett\u00e4 sen pit\u00e4\u00e4 mahtua yhdelle sivulle. Eih\u00e4n se mahtunut. Tentti meni t\u00e4ysin perseelleen. K\u00e4vin sitten selitt\u00e4m\u00e4ss\u00e4 tilanteen Keith Wyattille ja sain tehd\u00e4 uuden tentin. Se meni paremmin<\/p>\n","protected":false},"excerpt":{"rendered":"<p>T\u00e4m\u00e4 p\u00e4iv\u00e4 on ollut j\u00e4nnitt\u00e4v\u00e4 p\u00e4iv\u00e4 monelle ekaluokkalaiselle, koska koulut ovat alkaneet t\u00e4n\u00e4\u00e4n. Samaten useat ukrainalaiset lapset, jotka ovat Suomessa sotaa paossa, ovat aloittaneet koulusyksyns\u00e4.En muista olenko kirjoittanut t\u00e4m\u00e4n aikaisemmin, [&hellip;]<\/p>\n","protected":false},"author":1,"featured_media":0,"comment_status":"open","ping_status":"open","sticky":false,"template":"","format":"standard","meta":{"_crdt_document":"","ngg_post_thumbnail":0,"footnotes":""},"categories":[6],"tags":[],"class_list":["post-2910","post","type-post","status-publish","format-standard","hentry","category-blogi"],"_links":{"self":[{"href":"http:\/\/www.styng.net\/fi\/wp-json\/wp\/v2\/posts\/2910","targetHints":{"allow":["GET"]}}],"collection":[{"href":"http:\/\/www.styng.net\/fi\/wp-json\/wp\/v2\/posts"}],"about":[{"href":"http:\/\/www.styng.net\/fi\/wp-json\/wp\/v2\/types\/post"}],"author":[{"embeddable":true,"href":"http:\/\/www.styng.net\/fi\/wp-json\/wp\/v2\/users\/1"}],"replies":[{"embeddable":true,"href":"http:\/\/www.styng.net\/fi\/wp-json\/wp\/v2\/comments?post=2910"}],"version-history":[{"count":1,"href":"http:\/\/www.styng.net\/fi\/wp-json\/wp\/v2\/posts\/2910\/revisions"}],"predecessor-version":[{"id":2911,"href":"http:\/\/www.styng.net\/fi\/wp-json\/wp\/v2\/posts\/2910\/revisions\/2911"}],"wp:attachment":[{"href":"http:\/\/www.styng.net\/fi\/wp-json\/wp\/v2\/media?parent=2910"}],"wp:term":[{"taxonomy":"category","embeddable":true,"href":"http:\/\/www.styng.net\/fi\/wp-json\/wp\/v2\/categories?post=2910"},{"taxonomy":"post_tag","embeddable":true,"href":"http:\/\/www.styng.net\/fi\/wp-json\/wp\/v2\/tags?post=2910"}],"curies":[{"name":"wp","href":"https:\/\/api.w.org\/{rel}","templated":true}]}}